{"id":17576,"date":"2022-09-01T08:15:49","date_gmt":"2022-09-01T06:15:49","guid":{"rendered":"https:\/\/www.lachmayer.eu\/?p=17576"},"modified":"2022-09-13T09:38:28","modified_gmt":"2022-09-13T07:38:28","slug":"just-published-verwaltungsdatenschutzrecht-im-informationszeitalter","status":"publish","type":"post","link":"https:\/\/www.lachmayer.eu\/de\/just-published-verwaltungsdatenschutzrecht-im-informationszeitalter\/","title":{"rendered":"Just published \u2013 Verwaltungs&shy;datenschutz&shy;recht im Informations&shy;zeitalter"},"content":{"rendered":"<p>Konrad Lachmayer verfasste f\u00fcr das Journal f\u00fcr Rechtspolitik des\u00a0<a href=\"https:\/\/www.verlagoesterreich.at\/\" target=\"_blank\" rel=\"noopener\">Verlages \u00d6sterreich<\/a> den Artikel \u201e<a href=\"https:\/\/elibrary.verlagoesterreich.at\/article\/10.33196\/jrp202202009501\" target=\"_blank\" rel=\"noopener\">Verwaltungsdatenschutzrecht im Informationszeitalter<\/a>\u201c.<\/p>\n<p>Das Inkrafttreten der DSGVO im Jahr 2018 stellte auch die \u00f6ffentliche Verwaltung vor zahlreiche Herausforderungen. Vier Jahre sp\u00e4ter kann diesbez\u00fcglich eine erste Bilanz in Hinblick auf die Umsetzung des unionsrechtlichen Datenschutzes im \u00f6ffentlichen Bereich gezogen werden. Es zeigen sich dabei unterschiedliche Herangehensweisen in der (Ministerial-)Verwaltung und zahlreiche Themenstellungen, die einer vertiefenten Auseinandersetzung bed\u00fcrfen. Nichtsdestoweniger f\u00fchrt die Implementierung datenschutzrechtlicher Vorgaben in der \u00f6ffentlichen Verwaltung zu einer Professionalisierung der staatlichen Datenverarbeitung.<\/p>\n<p>&nbsp;<\/p>\n","protected":false},"excerpt":{"rendered":"<p>Konrad Lachmayer verfasste f\u00fcr das Journal f\u00fcr Rechtspolitik des\u00a0Verlages \u00d6sterreich den Artikel \u201eVerwaltungsdatenschutzrecht im Informationszeitalter\u201c. Das Inkrafttreten der DSGVO im Jahr 2018 stellte auch die &hellip;<\/p>\n","protected":false},"author":3,"featured_media":17578,"comment_status":"closed","ping_status":"closed","sticky":false,"template":"","format":"standard","meta":{"footnotes":""},"categories":[74],"tags":[],"class_list":["post-17576","post","type-post","status-publish","format-standard","has-post-thumbnail","hentry","category-just-published"],"_links":{"self":[{"href":"https:\/\/www.lachmayer.eu\/de\/wp-json\/wp\/v2\/posts\/17576","targetHints":{"allow":["GET"]}}],"collection":[{"href":"https:\/\/www.lachmayer.eu\/de\/wp-json\/wp\/v2\/posts"}],"about":[{"href":"https:\/\/www.lachmayer.eu\/de\/wp-json\/wp\/v2\/types\/post"}],"author":[{"embeddable":true,"href":"https:\/\/www.lachmayer.eu\/de\/wp-json\/wp\/v2\/users\/3"}],"replies":[{"embeddable":true,"href":"https:\/\/www.lachmayer.eu\/de\/wp-json\/wp\/v2\/comments?post=17576"}],"version-history":[{"count":2,"href":"https:\/\/www.lachmayer.eu\/de\/wp-json\/wp\/v2\/posts\/17576\/revisions"}],"predecessor-version":[{"id":17622,"href":"https:\/\/www.lachmayer.eu\/de\/wp-json\/wp\/v2\/posts\/17576\/revisions\/17622"}],"wp:featuredmedia":[{"embeddable":true,"href":"https:\/\/www.lachmayer.eu\/de\/wp-json\/wp\/v2\/media\/17578"}],"wp:attachment":[{"href":"https:\/\/www.lachmayer.eu\/de\/wp-json\/wp\/v2\/media?parent=17576"}],"wp:term":[{"taxonomy":"category","embeddable":true,"href":"https:\/\/www.lachmayer.eu\/de\/wp-json\/wp\/v2\/categories?post=17576"},{"taxonomy":"post_tag","embeddable":true,"href":"https:\/\/www.lachmayer.eu\/de\/wp-json\/wp\/v2\/tags?post=17576"}],"curies":[{"name":"wp","href":"https:\/\/api.w.org\/{rel}","templated":true}]}}