{"id":17900,"date":"2022-03-19T15:10:05","date_gmt":"2022-03-19T14:10:05","guid":{"rendered":"https:\/\/www.lachmayer.eu\/?p=17900"},"modified":"2022-09-15T15:15:09","modified_gmt":"2022-09-15T13:15:09","slug":"vortrag-klimaschutz-und-generationengerechtigkeit-in-oesterreich","status":"publish","type":"post","link":"https:\/\/www.lachmayer.eu\/de\/vortrag-klimaschutz-und-generationengerechtigkeit-in-oesterreich\/","title":{"rendered":"Vortrag: Klimaschutz und Generationengerechtigkeit in \u00d6sterreich"},"content":{"rendered":"<p>Auf dem Forschungs-JourFix der Sigmund Freund Universit\u00e4t Wien hielt Prof. Lachmayer einen Vortrag \u00fcber \u201eKlimaschutz und Generationengerechtigkeit in \u00d6sterreich. Neue Wege zu einem verfassungsrechtlichen Klimaschutz\u201c.<\/p>\n<p>Zeit: 18. M\u00e4rz 2022<br \/>\nOrt: Sigmund Freund Universit\u00e4t Wien<\/p>\n","protected":false},"excerpt":{"rendered":"<p>Auf dem Forschungs-JourFix der Sigmund Freund Universit\u00e4t Wien hielt Prof. Lachmayer einen Vortrag \u00fcber \u201eKlimaschutz und Generationengerechtigkeit in \u00d6sterreich. Neue Wege zu einem verfassungsrechtlichen Klimaschutz\u201c. &hellip;<\/p>\n","protected":false},"author":3,"featured_media":17898,"comment_status":"closed","ping_status":"closed","sticky":false,"template":"","format":"standard","meta":{"footnotes":""},"categories":[80],"tags":[],"class_list":["post-17900","post","type-post","status-publish","format-standard","has-post-thumbnail","hentry","category-vortrag"],"_links":{"self":[{"href":"https:\/\/www.lachmayer.eu\/de\/wp-json\/wp\/v2\/posts\/17900","targetHints":{"allow":["GET"]}}],"collection":[{"href":"https:\/\/www.lachmayer.eu\/de\/wp-json\/wp\/v2\/posts"}],"about":[{"href":"https:\/\/www.lachmayer.eu\/de\/wp-json\/wp\/v2\/types\/post"}],"author":[{"embeddable":true,"href":"https:\/\/www.lachmayer.eu\/de\/wp-json\/wp\/v2\/users\/3"}],"replies":[{"embeddable":true,"href":"https:\/\/www.lachmayer.eu\/de\/wp-json\/wp\/v2\/comments?post=17900"}],"version-history":[{"count":2,"href":"https:\/\/www.lachmayer.eu\/de\/wp-json\/wp\/v2\/posts\/17900\/revisions"}],"predecessor-version":[{"id":17903,"href":"https:\/\/www.lachmayer.eu\/de\/wp-json\/wp\/v2\/posts\/17900\/revisions\/17903"}],"wp:featuredmedia":[{"embeddable":true,"href":"https:\/\/www.lachmayer.eu\/de\/wp-json\/wp\/v2\/media\/17898"}],"wp:attachment":[{"href":"https:\/\/www.lachmayer.eu\/de\/wp-json\/wp\/v2\/media?parent=17900"}],"wp:term":[{"taxonomy":"category","embeddable":true,"href":"https:\/\/www.lachmayer.eu\/de\/wp-json\/wp\/v2\/categories?post=17900"},{"taxonomy":"post_tag","embeddable":true,"href":"https:\/\/www.lachmayer.eu\/de\/wp-json\/wp\/v2\/tags?post=17900"}],"curies":[{"name":"wp","href":"https:\/\/api.w.org\/{rel}","templated":true}]}}