{"id":18054,"date":"2022-10-20T14:41:24","date_gmt":"2022-10-20T12:41:24","guid":{"rendered":"https:\/\/www.lachmayer.eu\/?p=18054"},"modified":"2022-11-14T14:45:46","modified_gmt":"2022-11-14T13:45:46","slug":"vortrag-klimaschutz-in-den-rechtswissenschaften","status":"publish","type":"post","link":"https:\/\/www.lachmayer.eu\/de\/vortrag-klimaschutz-in-den-rechtswissenschaften\/","title":{"rendered":"Vortrag: Klimaschutz in den Rechtswissenschaften"},"content":{"rendered":"<p>Auf der Tagung <a href=\"https:\/\/www.sfu.ac.at\/de\/event\/sfu-goes-climate\/\" target=\"_blank\" rel=\"noopener\">&#8222;SFU GOES CLIMATE&#8220;<\/a> fand ein interdisziplin\u00e4rer Austausch \u00fcber den Klimawandel statt und Prof. Konrad Lachmayer hielt einen Vortrag \u00fcber &#8222;Klimaschutz in den Rechtswissenschaften&#8220;.<\/p>\n<p>Zeit: 19. Oktober 2022<br \/>\nOrt: Sigmund Freud PrivatUniversit\u00e4t Wien<\/p>\n<p><a href=\"https:\/\/www.lachmayer.eu\/wp-content\/uploads\/2022\/11\/Einladung-SFU-goes-Climate.pdf\" target=\"_blank\" rel=\"noopener\">Einladung SFU goes Climate<\/a><\/p>\n","protected":false},"excerpt":{"rendered":"<p>Auf der Tagung &#8222;SFU GOES CLIMATE&#8220; fand ein interdisziplin\u00e4rer Austausch \u00fcber den Klimawandel statt und Prof. Konrad Lachmayer hielt einen Vortrag \u00fcber &#8222;Klimaschutz in den &hellip;<\/p>\n","protected":false},"author":3,"featured_media":18042,"comment_status":"closed","ping_status":"closed","sticky":false,"template":"","format":"standard","meta":{"footnotes":""},"categories":[80],"tags":[],"class_list":["post-18054","post","type-post","status-publish","format-standard","has-post-thumbnail","hentry","category-vortrag"],"_links":{"self":[{"href":"https:\/\/www.lachmayer.eu\/de\/wp-json\/wp\/v2\/posts\/18054","targetHints":{"allow":["GET"]}}],"collection":[{"href":"https:\/\/www.lachmayer.eu\/de\/wp-json\/wp\/v2\/posts"}],"about":[{"href":"https:\/\/www.lachmayer.eu\/de\/wp-json\/wp\/v2\/types\/post"}],"author":[{"embeddable":true,"href":"https:\/\/www.lachmayer.eu\/de\/wp-json\/wp\/v2\/users\/3"}],"replies":[{"embeddable":true,"href":"https:\/\/www.lachmayer.eu\/de\/wp-json\/wp\/v2\/comments?post=18054"}],"version-history":[{"count":2,"href":"https:\/\/www.lachmayer.eu\/de\/wp-json\/wp\/v2\/posts\/18054\/revisions"}],"predecessor-version":[{"id":18056,"href":"https:\/\/www.lachmayer.eu\/de\/wp-json\/wp\/v2\/posts\/18054\/revisions\/18056"}],"wp:featuredmedia":[{"embeddable":true,"href":"https:\/\/www.lachmayer.eu\/de\/wp-json\/wp\/v2\/media\/18042"}],"wp:attachment":[{"href":"https:\/\/www.lachmayer.eu\/de\/wp-json\/wp\/v2\/media?parent=18054"}],"wp:term":[{"taxonomy":"category","embeddable":true,"href":"https:\/\/www.lachmayer.eu\/de\/wp-json\/wp\/v2\/categories?post=18054"},{"taxonomy":"post_tag","embeddable":true,"href":"https:\/\/www.lachmayer.eu\/de\/wp-json\/wp\/v2\/tags?post=18054"}],"curies":[{"name":"wp","href":"https:\/\/api.w.org\/{rel}","templated":true}]}}