{"id":18070,"date":"2022-09-30T15:30:30","date_gmt":"2022-09-30T13:30:30","guid":{"rendered":"https:\/\/www.lachmayer.eu\/?p=18070"},"modified":"2023-02-24T09:32:32","modified_gmt":"2023-02-24T08:32:32","slug":"just-published-rechtliche-rahmenbedingungen-der-ministeriellen-weisungserteilung-an-die-asfinag","status":"publish","type":"post","link":"https:\/\/www.lachmayer.eu\/de\/just-published-rechtliche-rahmenbedingungen-der-ministeriellen-weisungserteilung-an-die-asfinag\/","title":{"rendered":"Just published \u2013 Rechtliche Rahmenbedingungen der ministeriellen Weisungserteilung an die ASFINAG"},"content":{"rendered":"<p>Gemeinsam mit Lukas Wieser ver\u00f6ffentlichte Konrad Lachmayer einen Beitrag \u00fcber &#8222;Rechtliche Rahmenbedingungen der ministeriellen Weisungserteilung an die ASFINAG. Weiterf\u00fchrende \u00dcberlegungen zu Weisungsm\u00f6glichkeiten der BMK&#8220; im <a href=\"https:\/\/www.verlagoesterreich.at\/oeffentliches-recht\/99.105005-9783708340944\" target=\"_blank\" rel=\"noopener\">Jahrbuch \u00d6ffentliches Recht 2022.<\/a><\/p>\n<p>&nbsp;<\/p>\n<p>&nbsp;<\/p>\n","protected":false},"excerpt":{"rendered":"<p>Gemeinsam mit Lukas Wieser ver\u00f6ffentlichte Konrad Lachmayer einen Beitrag \u00fcber &#8222;Rechtliche Rahmenbedingungen der ministeriellen Weisungserteilung an die ASFINAG. Weiterf\u00fchrende \u00dcberlegungen zu Weisungsm\u00f6glichkeiten der BMK&#8220; im &hellip;<\/p>\n","protected":false},"author":3,"featured_media":18156,"comment_status":"closed","ping_status":"closed","sticky":false,"template":"","format":"standard","meta":{"footnotes":""},"categories":[74],"tags":[],"class_list":["post-18070","post","type-post","status-publish","format-standard","has-post-thumbnail","hentry","category-just-published"],"_links":{"self":[{"href":"https:\/\/www.lachmayer.eu\/de\/wp-json\/wp\/v2\/posts\/18070","targetHints":{"allow":["GET"]}}],"collection":[{"href":"https:\/\/www.lachmayer.eu\/de\/wp-json\/wp\/v2\/posts"}],"about":[{"href":"https:\/\/www.lachmayer.eu\/de\/wp-json\/wp\/v2\/types\/post"}],"author":[{"embeddable":true,"href":"https:\/\/www.lachmayer.eu\/de\/wp-json\/wp\/v2\/users\/3"}],"replies":[{"embeddable":true,"href":"https:\/\/www.lachmayer.eu\/de\/wp-json\/wp\/v2\/comments?post=18070"}],"version-history":[{"count":2,"href":"https:\/\/www.lachmayer.eu\/de\/wp-json\/wp\/v2\/posts\/18070\/revisions"}],"predecessor-version":[{"id":18072,"href":"https:\/\/www.lachmayer.eu\/de\/wp-json\/wp\/v2\/posts\/18070\/revisions\/18072"}],"wp:featuredmedia":[{"embeddable":true,"href":"https:\/\/www.lachmayer.eu\/de\/wp-json\/wp\/v2\/media\/18156"}],"wp:attachment":[{"href":"https:\/\/www.lachmayer.eu\/de\/wp-json\/wp\/v2\/media?parent=18070"}],"wp:term":[{"taxonomy":"category","embeddable":true,"href":"https:\/\/www.lachmayer.eu\/de\/wp-json\/wp\/v2\/categories?post=18070"},{"taxonomy":"post_tag","embeddable":true,"href":"https:\/\/www.lachmayer.eu\/de\/wp-json\/wp\/v2\/tags?post=18070"}],"curies":[{"name":"wp","href":"https:\/\/api.w.org\/{rel}","templated":true}]}}