{"id":18369,"date":"2023-05-27T09:34:40","date_gmt":"2023-05-27T07:34:40","guid":{"rendered":"https:\/\/www.lachmayer.eu\/?p=18369"},"modified":"2023-07-27T09:39:33","modified_gmt":"2023-07-27T07:39:33","slug":"just-published-grundrechtliche-implikationen-von-videoaufzeichnungen-im-oeffentlichen-raum","status":"publish","type":"post","link":"https:\/\/www.lachmayer.eu\/de\/just-published-grundrechtliche-implikationen-von-videoaufzeichnungen-im-oeffentlichen-raum\/","title":{"rendered":"Just published \u2013 Grundrechtliche Implikationen von Videoaufzeichnungen im \u00f6ffentlichen Raum"},"content":{"rendered":"<p>Konrad Lachmayer verfasste f\u00fcr den Newsletter Menschenrechte des<a href=\"https:\/\/www.jan-sramek-verlag.at\/jan-sramek-verlag.1.0.html\" target=\"_blank\" rel=\"noopener\"> Jan Sramek Verlages<\/a> den Artikel <a href=\"https:\/\/www.jan-sramek-verlag.at\/Buchdetails.450.0.html?buchID=72&amp;cHash=5d63e7cbf4\" target=\"_blank\" rel=\"noopener\">\u201eGrundrechtliche Implikationen von Videoaufzeichnungen im \u00f6ffentlichen Raum&#8220;<\/a>.<\/p>\n<p>Kameras befinden sich im \u00f6ffentlichen Raum in vielf\u00e4ltiger Art und Weise. Die Bandbreite beinhaltet spontane Handyaufzeichnungen oder fix an H\u00e4userw\u00e4nden installierten Kameras, Kameras in \u00f6ffentlichen Verkehrsmitteln oder Dashcams in Kraftfahrzeugen, Kameras in Verkehrsinfrastruktur, Kameras auf zivilen Drohnen, Kameras auf Fahrzeugen zur Erkennung von Verkehrsrisiken oder zur Steuerung automatisierter Fahrzeuge. &#8230;<\/p>\n","protected":false},"excerpt":{"rendered":"<p>Konrad Lachmayer verfasste f\u00fcr den Newsletter Menschenrechte des Jan Sramek Verlages den Artikel \u201eGrundrechtliche Implikationen von Videoaufzeichnungen im \u00f6ffentlichen Raum&#8220;. Kameras befinden sich im \u00f6ffentlichen &hellip;<\/p>\n","protected":false},"author":3,"featured_media":18367,"comment_status":"closed","ping_status":"closed","sticky":false,"template":"","format":"standard","meta":{"footnotes":""},"categories":[74],"tags":[],"class_list":["post-18369","post","type-post","status-publish","format-standard","has-post-thumbnail","hentry","category-just-published"],"_links":{"self":[{"href":"https:\/\/www.lachmayer.eu\/de\/wp-json\/wp\/v2\/posts\/18369","targetHints":{"allow":["GET"]}}],"collection":[{"href":"https:\/\/www.lachmayer.eu\/de\/wp-json\/wp\/v2\/posts"}],"about":[{"href":"https:\/\/www.lachmayer.eu\/de\/wp-json\/wp\/v2\/types\/post"}],"author":[{"embeddable":true,"href":"https:\/\/www.lachmayer.eu\/de\/wp-json\/wp\/v2\/users\/3"}],"replies":[{"embeddable":true,"href":"https:\/\/www.lachmayer.eu\/de\/wp-json\/wp\/v2\/comments?post=18369"}],"version-history":[{"count":1,"href":"https:\/\/www.lachmayer.eu\/de\/wp-json\/wp\/v2\/posts\/18369\/revisions"}],"predecessor-version":[{"id":18370,"href":"https:\/\/www.lachmayer.eu\/de\/wp-json\/wp\/v2\/posts\/18369\/revisions\/18370"}],"wp:featuredmedia":[{"embeddable":true,"href":"https:\/\/www.lachmayer.eu\/de\/wp-json\/wp\/v2\/media\/18367"}],"wp:attachment":[{"href":"https:\/\/www.lachmayer.eu\/de\/wp-json\/wp\/v2\/media?parent=18369"}],"wp:term":[{"taxonomy":"category","embeddable":true,"href":"https:\/\/www.lachmayer.eu\/de\/wp-json\/wp\/v2\/categories?post=18369"},{"taxonomy":"post_tag","embeddable":true,"href":"https:\/\/www.lachmayer.eu\/de\/wp-json\/wp\/v2\/tags?post=18369"}],"curies":[{"name":"wp","href":"https:\/\/api.w.org\/{rel}","templated":true}]}}