{"id":18383,"date":"2023-03-31T06:37:19","date_gmt":"2023-03-31T04:37:19","guid":{"rendered":"https:\/\/www.lachmayer.eu\/?p=18383"},"modified":"2023-07-31T17:39:13","modified_gmt":"2023-07-31T15:39:13","slug":"vortrag-datenschutzrecht-und-transparenz-in-der-oeffentlichen-verwaltung","status":"publish","type":"post","link":"https:\/\/www.lachmayer.eu\/de\/vortrag-datenschutzrecht-und-transparenz-in-der-oeffentlichen-verwaltung\/","title":{"rendered":"Vortrag: Datenschutzrecht und Transparenz in der \u00f6ffentlichen Verwaltung"},"content":{"rendered":"<p>Konrad Lachmayer hielt f\u00fcr das Symposion &#8222;Transparenz, Publikationspflichten und Informationszugang in der \u00f6ffentlichen Verwaltung&#8220; einen Vortrag \u00fcber &#8222;Datenschutzrecht und Transparenz in der \u00f6ffentlichen Verwaltung. Einwirkungen und Auswirkungen&#8220;.<\/p>\n<p>Zeit: 30. M\u00e4rz 2023<br \/>\nOrt: \u00a0Redoutens\u00e4le, Linz<\/p>\n<p><a href=\"https:\/\/www.lachmayer.eu\/wp-content\/uploads\/2023\/07\/Programm-Symposion-Transparenz.pdf\" target=\"_blank\" rel=\"noopener\">Programm Symposion\u00a0<\/a><\/p>\n","protected":false},"excerpt":{"rendered":"<p>Konrad Lachmayer hielt f\u00fcr das Symposion &#8222;Transparenz, Publikationspflichten und Informationszugang in der \u00f6ffentlichen Verwaltung&#8220; einen Vortrag \u00fcber &#8222;Datenschutzrecht und Transparenz in der \u00f6ffentlichen Verwaltung. Einwirkungen &hellip;<\/p>\n","protected":false},"author":3,"featured_media":18425,"comment_status":"closed","ping_status":"closed","sticky":false,"template":"","format":"standard","meta":{"footnotes":""},"categories":[80],"tags":[],"class_list":["post-18383","post","type-post","status-publish","format-standard","has-post-thumbnail","hentry","category-vortrag"],"_links":{"self":[{"href":"https:\/\/www.lachmayer.eu\/de\/wp-json\/wp\/v2\/posts\/18383","targetHints":{"allow":["GET"]}}],"collection":[{"href":"https:\/\/www.lachmayer.eu\/de\/wp-json\/wp\/v2\/posts"}],"about":[{"href":"https:\/\/www.lachmayer.eu\/de\/wp-json\/wp\/v2\/types\/post"}],"author":[{"embeddable":true,"href":"https:\/\/www.lachmayer.eu\/de\/wp-json\/wp\/v2\/users\/3"}],"replies":[{"embeddable":true,"href":"https:\/\/www.lachmayer.eu\/de\/wp-json\/wp\/v2\/comments?post=18383"}],"version-history":[{"count":2,"href":"https:\/\/www.lachmayer.eu\/de\/wp-json\/wp\/v2\/posts\/18383\/revisions"}],"predecessor-version":[{"id":18387,"href":"https:\/\/www.lachmayer.eu\/de\/wp-json\/wp\/v2\/posts\/18383\/revisions\/18387"}],"wp:featuredmedia":[{"embeddable":true,"href":"https:\/\/www.lachmayer.eu\/de\/wp-json\/wp\/v2\/media\/18425"}],"wp:attachment":[{"href":"https:\/\/www.lachmayer.eu\/de\/wp-json\/wp\/v2\/media?parent=18383"}],"wp:term":[{"taxonomy":"category","embeddable":true,"href":"https:\/\/www.lachmayer.eu\/de\/wp-json\/wp\/v2\/categories?post=18383"},{"taxonomy":"post_tag","embeddable":true,"href":"https:\/\/www.lachmayer.eu\/de\/wp-json\/wp\/v2\/tags?post=18383"}],"curies":[{"name":"wp","href":"https:\/\/api.w.org\/{rel}","templated":true}]}}