{"id":184,"date":"2014-03-21T12:00:04","date_gmt":"2014-03-21T11:00:04","guid":{"rendered":"http:\/\/www.lachmayer.eu\/?p=184"},"modified":"2021-09-27T09:07:39","modified_gmt":"2021-09-27T07:07:39","slug":"vigoni","status":"publish","type":"post","link":"https:\/\/www.lachmayer.eu\/de\/vigoni\/","title":{"rendered":"Vortrag: Zur Inszenierung rechtlichen Wissens"},"content":{"rendered":"<p>Deutsche Forschungsgemeinschaft<br \/>\nVilla Vigoni, Loveno di Menaggio, Italien<br \/>\n21. M\u00e4rz 2014<\/p>\n<p><strong>Im Zuge der DFG Gespr\u00e4che &#8222;Formate der Rechtswissenschaft in Europa. Ein Gespr\u00e4ch \u00fcber Form und Medium rechtswissenschaftlicher Forschungskommunikation&#8220; hielt Konrad Lachmayer einen Vortrag zum Thema &#8222;Zur Inszenierung rechtlichen Wissens \u2013 Von der Rechtsvisualisierung zu Law &amp; Art&#8220;.<\/strong><\/p>\n<p><!--more--><\/p>\n<p>&nbsp;<\/p>\n<p>&nbsp;<\/p>\n<p align=\"center\"><b>Formate der Rechtswissenschaft in Europa.<\/b><\/p>\n<p align=\"center\"><b>Ein Gespr\u00e4ch \u00fcber Form und Medium rechtswissenschaftlicher Forschungskommunikation<\/b><\/p>\n<p align=\"center\"><b>19.-21.3.2014, Villa Vigoni<\/b><\/p>\n<p align=\"center\"><b>Programm<br \/>\n<\/b><\/p>\n<p><b>19. M\u00e4rz: <\/b><\/p>\n<p>Nachmittag<\/p>\n<p>14:00 Er\u00f6ffnung der Gespr\u00e4che<\/p>\n<p>14:15 Einleitende Gedanken<\/p>\n<p>14:30 Podiumsdialog: Kommunikationsformate im R\u00f6mischen Recht und im Mittelalter<\/p>\n<p>&#8211;\u00a0\u00a0\u00a0\u00a0\u00a0\u00a0\u00a0 Martin Avenarius: Form und Wirkung r\u00f6mischer Rechtsgutachten und Responsenliteratur<\/p>\n<p>&#8211;\u00a0\u00a0\u00a0\u00a0\u00a0\u00a0\u00a0 Beatrice Pasciuta: Die mittelalterliche Rechtskultur und neue digitale Philologie *<\/p>\n<p>15:15 Diskussion<\/p>\n<p>16:00 Kaffeepause<\/p>\n<p>16:30 Podiumsdialog: Traditionelle Kommunikationsformate in der Gegenwart<\/p>\n<p>&#8211;\u00a0\u00a0\u00a0\u00a0\u00a0\u00a0\u00a0 Isabel Trujillo: Analogie als Argumentationsformat und der Zugang zu Recht und Rechtsdokumentation*<\/p>\n<p>&#8211;\u00a0\u00a0\u00a0\u00a0\u00a0\u00a0\u00a0 Andreas Funke: Der blinde Fleck des Kommentars<\/p>\n<p>17:15 Diskussion<\/p>\n<p>18:00 Ende des wissenschaftlichen Gespr\u00e4ches (1. Tag)<\/p>\n<p>&nbsp;<\/p>\n<p><b>20. M\u00e4rz: <\/b><\/p>\n<p>Vormittag<\/p>\n<p>9:30 Podiumsdialog: \u201cFormatierung\u201d durch Technik und Technologie I<\/p>\n<p>&#8211;\u00a0\u00a0\u00a0\u00a0\u00a0\u00a0\u00a0 Jan Schuhr: Datenbankgest\u00fctzte Kommentierung im Recht<\/p>\n<p>&#8211;\u00a0\u00a0\u00a0\u00a0\u00a0\u00a0\u00a0 Indra Spiecker gen D\u00f6hmann: Die technischen Grenzen des Rechts: Recht durch Technik und Technik durch Recht<\/p>\n<p>10:15 Diskussion<\/p>\n<p>11:00 Kaffeepause<\/p>\n<p>11:30 Podiumstrialog: \u201eFormatierung\u201c durch Technik und Technologie II<\/p>\n<p>&#8211;\u00a0\u00a0\u00a0\u00a0\u00a0 Ino Augsberg: Blogozentrismus oder Who&#8217;s afraid of writing and text?<\/p>\n<p>&#8211;\u00a0\u00a0\u00a0\u00a0\u00a0 Hannah Birkenk\u00f6tter: Der Blog im Recht: zu neuartigen Kommunikationsformaten in den Rechtswissenschaften<\/p>\n<p>12:15 Diskussion<\/p>\n<p>13:00 Mittagspause<\/p>\n<p>Nachmittag<\/p>\n<p>14:30 Podiumstrialog: Kommunikationsformate in der europarechtlichen Forschung aus englischer, franz\u00f6sischer und italienischer Perspektive<\/p>\n<p>&#8211;\u00a0\u00a0\u00a0\u00a0 Jean-Philippe Derosier: Kommunikationsformate in der europarechtlichen Forschung aus franz\u00f6sischer Perspektive*<\/p>\n<p>&#8211;\u00a0\u00a0\u00a0\u00a0 Cesare Pinelli: Italian Perspective on forms of academic legal research as part of a European legal culture*<\/p>\n<p>&#8211;\u00a0\u00a0\u00a0\u00a0 Andreas von Arnauld: Europarechtliche Zeitschriften: wie europ\u00e4isch?<\/p>\n<p>16:00 Kaffeepause<\/p>\n<p>16:30 Podiumsdialog: Kommunikationsformate als Teil der europ\u00e4ischen Rechtskultur<\/p>\n<p>&#8211;\u00a0\u00a0\u00a0\u00a0\u00a0\u00a0\u00a0 Steffen Augsberg: Questa sera si recita a soggetto \u2013 \u00dcber Ad-hoc-Pr\u00e4sentationen und Verwertungsmechanismen in der Rechtswissenschaft<\/p>\n<p>&#8211;\u00a0\u00a0\u00a0\u00a0\u00a0\u00a0\u00a0 Pietro Denaro: Legal formats and authority in the Cyberspace. New perspectives from the <i>New Chicago School<\/i> *<\/p>\n<p>17:15 Diskussion<\/p>\n<p>18:00 Ende des wissenschaftlichen Gespr\u00e4ches (2. Tag)<\/p>\n<p>&nbsp;<\/p>\n<p><b>21. M\u00e4rz:<\/b><\/p>\n<p>Vormittag<\/p>\n<p>9:30 Abschlusspodium: Formate des Rechts in der Kultur- und Medientheorie<\/p>\n<p>&#8211;\u00a0\u00a0\u00a0\u00a0\u00a0\u00a0\u00a0 Thomas Vesting: Die Fachgrenze als Kontaktzone<\/p>\n<p>&#8211;\u00a0\u00a0\u00a0\u00a0\u00a0\u00a0\u00a0 Fabian Steinhauer: Kulturtechniken des Rechts: Zwischen symmetrischer Dogmatik und parajuridischer Ausbildung<\/p>\n<p>&#8211;\u00a0\u00a0\u00a0\u00a0\u00a0\u00a0\u00a0 Konrad Lachmayer: Zur Inszenierung rechtlichen Wissens \u2013 Von der Rechtsvisualisierung zu Law&amp;Art<\/p>\n<p>10:15 Diskussion<\/p>\n<p>11:00 Kaffeepause<\/p>\n<p>11:30 Abschlussdiskussion<\/p>\n<p>12:30 Mittagspause<\/p>\n<p>*\u00a0\u00a0\u00a0\u00a0\u00a0\u00a0\u00a0\u00a0\u00a0 Die mit * markierten Vortr\u00e4ge werden in italienischer Sprache gehalten; die anderen Vortr\u00e4ge in deutscher Sprache.<\/p>\n","protected":false},"excerpt":{"rendered":"<p>Deutsche Forschungsgemeinschaft Villa Vigoni, Loveno di Menaggio, Italien 21. M\u00e4rz 2014 Im Zuge der DFG Gespr\u00e4che &#8222;Formate der Rechtswissenschaft in Europa. Ein Gespr\u00e4ch \u00fcber Form &hellip;<\/p>\n","protected":false},"author":2,"featured_media":16574,"comment_status":"closed","ping_status":"closed","sticky":false,"template":"","format":"standard","meta":{"footnotes":""},"categories":[80],"tags":[],"class_list":["post-184","post","type-post","status-publish","format-standard","has-post-thumbnail","hentry","category-vortrag"],"_links":{"self":[{"href":"https:\/\/www.lachmayer.eu\/de\/wp-json\/wp\/v2\/posts\/184","targetHints":{"allow":["GET"]}}],"collection":[{"href":"https:\/\/www.lachmayer.eu\/de\/wp-json\/wp\/v2\/posts"}],"about":[{"href":"https:\/\/www.lachmayer.eu\/de\/wp-json\/wp\/v2\/types\/post"}],"author":[{"embeddable":true,"href":"https:\/\/www.lachmayer.eu\/de\/wp-json\/wp\/v2\/users\/2"}],"replies":[{"embeddable":true,"href":"https:\/\/www.lachmayer.eu\/de\/wp-json\/wp\/v2\/comments?post=184"}],"version-history":[{"count":0,"href":"https:\/\/www.lachmayer.eu\/de\/wp-json\/wp\/v2\/posts\/184\/revisions"}],"wp:featuredmedia":[{"embeddable":true,"href":"https:\/\/www.lachmayer.eu\/de\/wp-json\/wp\/v2\/media\/16574"}],"wp:attachment":[{"href":"https:\/\/www.lachmayer.eu\/de\/wp-json\/wp\/v2\/media?parent=184"}],"wp:term":[{"taxonomy":"category","embeddable":true,"href":"https:\/\/www.lachmayer.eu\/de\/wp-json\/wp\/v2\/categories?post=184"},{"taxonomy":"post_tag","embeddable":true,"href":"https:\/\/www.lachmayer.eu\/de\/wp-json\/wp\/v2\/tags?post=184"}],"curies":[{"name":"wp","href":"https:\/\/api.w.org\/{rel}","templated":true}]}}