{"id":18500,"date":"2023-10-16T09:49:42","date_gmt":"2023-10-16T07:49:42","guid":{"rendered":"https:\/\/www.lachmayer.eu\/?p=18500"},"modified":"2023-11-08T15:45:54","modified_gmt":"2023-11-08T14:45:54","slug":"just-published-sozio-oekologisches-transformationsrecht","status":"publish","type":"post","link":"https:\/\/www.lachmayer.eu\/de\/just-published-sozio-oekologisches-transformationsrecht\/","title":{"rendered":"Just published \u2013 Sozio-\u00f6kologisches Transformationsrecht"},"content":{"rendered":"<p>Gemeinsam mit Christoph M\u00fcller ver\u00f6ffentlichte Konrad Lachmayer in der Zeitschrift <a href=\"https:\/\/www.juridikum.at\/\" target=\"_blank\" rel=\"noopener\">juridikum<\/a> des <a href=\"https:\/\/www.verlagoesterreich.at\/\" target=\"_blank\" rel=\"noopener\">Verlages \u00d6sterreich<\/a> einen Beitrag \u00fcber <a href=\"https:\/\/www.verlagoesterreich.at\/juridikum\/99.105005-10195394-neus\" target=\"_blank\" rel=\"noopener\">&#8222;Sozio-\u00f6kologisches Transformationsrecht.\u00a0\u00d6ffentlich-rechtliche \u00dcberlegungen zu einer \u00f6ko-sozialen Transformation in \u00d6sterreich&#8220;<\/a>.<\/p>\n<p><!--more--><\/p>\n<p>Die NGOs Oxfam und Stockholm Environment Institute ver\u00f6ffentlichten im Jahr 2020 eine Studie zum Thema \u201eConfronting carbon inequality. Putting climate justice at the heart of the COVID-19 recovery\u201c. Bei einem R\u00fcckblick auf die Jahre 1990 bis 2015, in denen sich der CO2-Gehalt in der Erdatmosph\u00e4re verdoppelte, kam die Studie zu folgenden Ergebnissen: &#8230;<\/p>\n","protected":false},"excerpt":{"rendered":"<p>Gemeinsam mit Christoph M\u00fcller ver\u00f6ffentlichte Konrad Lachmayer in der Zeitschrift juridikum des Verlages \u00d6sterreich einen Beitrag \u00fcber &#8222;Sozio-\u00f6kologisches Transformationsrecht.\u00a0\u00d6ffentlich-rechtliche \u00dcberlegungen zu einer \u00f6ko-sozialen Transformation in &hellip;<\/p>\n","protected":false},"author":3,"featured_media":18147,"comment_status":"closed","ping_status":"closed","sticky":false,"template":"","format":"standard","meta":{"footnotes":""},"categories":[74],"tags":[],"class_list":["post-18500","post","type-post","status-publish","format-standard","has-post-thumbnail","hentry","category-just-published"],"_links":{"self":[{"href":"https:\/\/www.lachmayer.eu\/de\/wp-json\/wp\/v2\/posts\/18500","targetHints":{"allow":["GET"]}}],"collection":[{"href":"https:\/\/www.lachmayer.eu\/de\/wp-json\/wp\/v2\/posts"}],"about":[{"href":"https:\/\/www.lachmayer.eu\/de\/wp-json\/wp\/v2\/types\/post"}],"author":[{"embeddable":true,"href":"https:\/\/www.lachmayer.eu\/de\/wp-json\/wp\/v2\/users\/3"}],"replies":[{"embeddable":true,"href":"https:\/\/www.lachmayer.eu\/de\/wp-json\/wp\/v2\/comments?post=18500"}],"version-history":[{"count":1,"href":"https:\/\/www.lachmayer.eu\/de\/wp-json\/wp\/v2\/posts\/18500\/revisions"}],"predecessor-version":[{"id":18501,"href":"https:\/\/www.lachmayer.eu\/de\/wp-json\/wp\/v2\/posts\/18500\/revisions\/18501"}],"wp:featuredmedia":[{"embeddable":true,"href":"https:\/\/www.lachmayer.eu\/de\/wp-json\/wp\/v2\/media\/18147"}],"wp:attachment":[{"href":"https:\/\/www.lachmayer.eu\/de\/wp-json\/wp\/v2\/media?parent=18500"}],"wp:term":[{"taxonomy":"category","embeddable":true,"href":"https:\/\/www.lachmayer.eu\/de\/wp-json\/wp\/v2\/categories?post=18500"},{"taxonomy":"post_tag","embeddable":true,"href":"https:\/\/www.lachmayer.eu\/de\/wp-json\/wp\/v2\/tags?post=18500"}],"curies":[{"name":"wp","href":"https:\/\/api.w.org\/{rel}","templated":true}]}}