{"id":18570,"date":"2023-12-12T11:31:50","date_gmt":"2023-12-12T10:31:50","guid":{"rendered":"https:\/\/www.lachmayer.eu\/?p=18570"},"modified":"2023-12-22T11:36:36","modified_gmt":"2023-12-22T10:36:36","slug":"just-published-verwaltungsrechtliche-perspektiven-auf-den-oesterreichischen-sozialstaat","status":"publish","type":"post","link":"https:\/\/www.lachmayer.eu\/de\/just-published-verwaltungsrechtliche-perspektiven-auf-den-oesterreichischen-sozialstaat\/","title":{"rendered":"Just published \u2013 Verwaltungsrechtliche Perspektiven auf den \u00f6sterreichischen Sozialstaat"},"content":{"rendered":"<p>Konrad Lachmayer\u00a0 publizierte in der Zeitschrift <a href=\"https:\/\/www.verlagoesterreich.at\/heft-4-dezember-2023-band-2023\/99.105005-juridikum20234\" target=\"_blank\" rel=\"noopener\">juridikum<\/a> einen Beitrag \u00fcber &#8222;Verwaltungsrechtliche Perspektiven auf den \u00f6sterreichischen Sozialstaat&#8220;.<\/p>\n<p>W\u00e4hrend die Verfassung den demokratischen Bundesstaat als liberalen Rechtsstaat konzipiert, werden sozialstaatliche Facetten nur am Rande als verfassungsrechtliche Werte zum Ausdruck gebracht. Nichtsdestoweniger adressiert die Rechtsprechung des VfGH regelm\u00e4\u00dfig sozialstaatliche Themen und zeigt somit auf, dass die Verfassung zur Durchsetzung sozialstaatlicher Aspekte beitragen kann. Dies ist umso bemerkenswerter als der \u00f6sterreichische Sozialstaat sich nicht auf eine verfassungsgesetzliche Sozialstaatsklausel wie in Deutschland oder soziale Grundrechte2 in der Verfassung berufen kann. &#8230;<\/p>\n","protected":false},"excerpt":{"rendered":"<p>Konrad Lachmayer\u00a0 publizierte in der Zeitschrift juridikum einen Beitrag \u00fcber &#8222;Verwaltungsrechtliche Perspektiven auf den \u00f6sterreichischen Sozialstaat&#8220;. W\u00e4hrend die Verfassung den demokratischen Bundesstaat als liberalen Rechtsstaat &hellip;<\/p>\n","protected":false},"author":3,"featured_media":18147,"comment_status":"closed","ping_status":"closed","sticky":false,"template":"","format":"standard","meta":{"footnotes":""},"categories":[74],"tags":[],"class_list":["post-18570","post","type-post","status-publish","format-standard","has-post-thumbnail","hentry","category-just-published"],"_links":{"self":[{"href":"https:\/\/www.lachmayer.eu\/de\/wp-json\/wp\/v2\/posts\/18570","targetHints":{"allow":["GET"]}}],"collection":[{"href":"https:\/\/www.lachmayer.eu\/de\/wp-json\/wp\/v2\/posts"}],"about":[{"href":"https:\/\/www.lachmayer.eu\/de\/wp-json\/wp\/v2\/types\/post"}],"author":[{"embeddable":true,"href":"https:\/\/www.lachmayer.eu\/de\/wp-json\/wp\/v2\/users\/3"}],"replies":[{"embeddable":true,"href":"https:\/\/www.lachmayer.eu\/de\/wp-json\/wp\/v2\/comments?post=18570"}],"version-history":[{"count":1,"href":"https:\/\/www.lachmayer.eu\/de\/wp-json\/wp\/v2\/posts\/18570\/revisions"}],"predecessor-version":[{"id":18571,"href":"https:\/\/www.lachmayer.eu\/de\/wp-json\/wp\/v2\/posts\/18570\/revisions\/18571"}],"wp:featuredmedia":[{"embeddable":true,"href":"https:\/\/www.lachmayer.eu\/de\/wp-json\/wp\/v2\/media\/18147"}],"wp:attachment":[{"href":"https:\/\/www.lachmayer.eu\/de\/wp-json\/wp\/v2\/media?parent=18570"}],"wp:term":[{"taxonomy":"category","embeddable":true,"href":"https:\/\/www.lachmayer.eu\/de\/wp-json\/wp\/v2\/categories?post=18570"},{"taxonomy":"post_tag","embeddable":true,"href":"https:\/\/www.lachmayer.eu\/de\/wp-json\/wp\/v2\/tags?post=18570"}],"curies":[{"name":"wp","href":"https:\/\/api.w.org\/{rel}","templated":true}]}}