{"id":18887,"date":"2024-06-01T08:43:39","date_gmt":"2024-06-01T06:43:39","guid":{"rendered":"https:\/\/www.lachmayer.eu\/?p=18887"},"modified":"2024-06-01T08:43:39","modified_gmt":"2024-06-01T06:43:39","slug":"just-published-zur-demokratischen-legitimation-der-privatwirtschaftsverwaltung","status":"publish","type":"post","link":"https:\/\/www.lachmayer.eu\/de\/just-published-zur-demokratischen-legitimation-der-privatwirtschaftsverwaltung\/","title":{"rendered":"Just published \u2013 Zur demokratischen Legitimation der Privatwirtschaftsverwaltung"},"content":{"rendered":"<p>Gemeinsam mit Harald Eberhard verfasste Prof. Konrad Lachmayer den Beitrag \u201eZur demokratischen Legitimation der Privatwirtschaftsverwaltung. Neue Wege in der Ausgliederungsjudikatur durch das COFAG-Erk (VfGH 5.10.2023, G 265\/2022)\u201c. Dieser ist in der <a href=\"https:\/\/www.facultas.at\/verlag\/zeitschriften\/oezw\" target=\"_blank\" rel=\"noopener\">\u00d6sterreichische Zeitschrift f\u00fcr Wirtschaftsrecht<\/a> des facultas Verlages erschienen.<\/p>\n<p>Mit den Erkenntnissen des VfGH zur COVID-19 Finanzierungsagentur des Bundes GmbH (COFAG) vom 5. Oktober 2023 wurde das bisherige Verst\u00e4ndnis von staatlicher Privatwirtschaftsverwaltung auf den Pr\u00fcfstand gestellt. Gleichzeitig wurden die Kriterien f\u00fcr die Ausgliederung von Verwaltungsaufgaben auf selbst\u00e4ndige Rechtstr\u00e4ger, wie sie in der bisherigen Judikatur im Vordergrund standen, in einen in dieser Form neuen prim\u00e4ren Kontext des Sachlichkeitsgebots der Verfassung gestellt und die Konstruktion der COFAG aus diesem Blickwinkel als verfassungswidrig erkl\u00e4rt. Aus der Sicht der F\u00f6rderungsnehmer wurde das Fehlen des Rechtsanspruches auf F\u00f6rderungen als Versto\u00df gegen das aus dem Gleichheitssatz abgeleiteten Sachlichkeitsgebot erachtet. Der vorliegende Beitrag unternimmt eine Standortbestimmung der wesentlichen Aussagen dieser j\u00fcngsten Rechtsprechung im Lichte der bisherigen Dogmatik des Verwaltungsbegriffs sowie von Ausgliederung und Beleihung.<\/p>\n","protected":false},"excerpt":{"rendered":"<p>Gemeinsam mit Harald Eberhard verfasste Prof. Konrad Lachmayer den Beitrag \u201eZur demokratischen Legitimation der Privatwirtschaftsverwaltung. Neue Wege in der Ausgliederungsjudikatur durch das COFAG-Erk (VfGH 5.10.2023, &hellip;<\/p>\n","protected":false},"author":3,"featured_media":18207,"comment_status":"closed","ping_status":"closed","sticky":false,"template":"","format":"standard","meta":{"footnotes":""},"categories":[74],"tags":[],"class_list":["post-18887","post","type-post","status-publish","format-standard","has-post-thumbnail","hentry","category-just-published"],"_links":{"self":[{"href":"https:\/\/www.lachmayer.eu\/de\/wp-json\/wp\/v2\/posts\/18887","targetHints":{"allow":["GET"]}}],"collection":[{"href":"https:\/\/www.lachmayer.eu\/de\/wp-json\/wp\/v2\/posts"}],"about":[{"href":"https:\/\/www.lachmayer.eu\/de\/wp-json\/wp\/v2\/types\/post"}],"author":[{"embeddable":true,"href":"https:\/\/www.lachmayer.eu\/de\/wp-json\/wp\/v2\/users\/3"}],"replies":[{"embeddable":true,"href":"https:\/\/www.lachmayer.eu\/de\/wp-json\/wp\/v2\/comments?post=18887"}],"version-history":[{"count":1,"href":"https:\/\/www.lachmayer.eu\/de\/wp-json\/wp\/v2\/posts\/18887\/revisions"}],"predecessor-version":[{"id":18888,"href":"https:\/\/www.lachmayer.eu\/de\/wp-json\/wp\/v2\/posts\/18887\/revisions\/18888"}],"wp:featuredmedia":[{"embeddable":true,"href":"https:\/\/www.lachmayer.eu\/de\/wp-json\/wp\/v2\/media\/18207"}],"wp:attachment":[{"href":"https:\/\/www.lachmayer.eu\/de\/wp-json\/wp\/v2\/media?parent=18887"}],"wp:term":[{"taxonomy":"category","embeddable":true,"href":"https:\/\/www.lachmayer.eu\/de\/wp-json\/wp\/v2\/categories?post=18887"},{"taxonomy":"post_tag","embeddable":true,"href":"https:\/\/www.lachmayer.eu\/de\/wp-json\/wp\/v2\/tags?post=18887"}],"curies":[{"name":"wp","href":"https:\/\/api.w.org\/{rel}","templated":true}]}}