{"id":19062,"date":"2024-12-19T09:13:54","date_gmt":"2024-12-19T08:13:54","guid":{"rendered":"https:\/\/www.lachmayer.eu\/?p=19062"},"modified":"2025-01-17T09:16:40","modified_gmt":"2025-01-17T08:16:40","slug":"just-published-verhaeltnismaessigkeit-als-determinante-des-verwaltungshandelns","status":"publish","type":"post","link":"https:\/\/www.lachmayer.eu\/de\/just-published-verhaeltnismaessigkeit-als-determinante-des-verwaltungshandelns\/","title":{"rendered":"Just published \u2013 Verh\u00e4ltnism\u00e4\u00dfigkeit als Determinante des Verwaltungshandelns"},"content":{"rendered":"<p>Prof. Lachmayer verfasste einen Beitrag \u00fcber \u201eVerh\u00e4ltnism\u00e4\u00dfigkeit als Determinante des Verwaltungshandelns\u201c, welcher in der <a href=\"https:\/\/www.verlagoesterreich.at\/festschrift-fuer-eva-schulev-steindl\/99.105005-9783704695031\" target=\"_blank\" rel=\"noopener\">Festschrift f\u00fcr Eva Schulev-Steindl<\/a> (herausgegeben von Enn\u00f6ckl\/\u200bHofer\/\u200bMadner) im <a href=\"https:\/\/www.verlagoesterreich.at\/\" target=\"_blank\" rel=\"noopener\">Verlag \u00d6sterreich<\/a> erschienen ist.<\/p>\n<p>&nbsp;<\/p>\n","protected":false},"excerpt":{"rendered":"<p>Prof. Lachmayer verfasste einen Beitrag \u00fcber \u201eVerh\u00e4ltnism\u00e4\u00dfigkeit als Determinante des Verwaltungshandelns\u201c, welcher in der Festschrift f\u00fcr Eva Schulev-Steindl (herausgegeben von Enn\u00f6ckl\/\u200bHofer\/\u200bMadner) im Verlag \u00d6sterreich erschienen &hellip;<\/p>\n","protected":false},"author":3,"featured_media":19064,"comment_status":"closed","ping_status":"closed","sticky":false,"template":"","format":"standard","meta":{"footnotes":""},"categories":[74],"tags":[],"class_list":["post-19062","post","type-post","status-publish","format-standard","has-post-thumbnail","hentry","category-just-published"],"_links":{"self":[{"href":"https:\/\/www.lachmayer.eu\/de\/wp-json\/wp\/v2\/posts\/19062","targetHints":{"allow":["GET"]}}],"collection":[{"href":"https:\/\/www.lachmayer.eu\/de\/wp-json\/wp\/v2\/posts"}],"about":[{"href":"https:\/\/www.lachmayer.eu\/de\/wp-json\/wp\/v2\/types\/post"}],"author":[{"embeddable":true,"href":"https:\/\/www.lachmayer.eu\/de\/wp-json\/wp\/v2\/users\/3"}],"replies":[{"embeddable":true,"href":"https:\/\/www.lachmayer.eu\/de\/wp-json\/wp\/v2\/comments?post=19062"}],"version-history":[{"count":3,"href":"https:\/\/www.lachmayer.eu\/de\/wp-json\/wp\/v2\/posts\/19062\/revisions"}],"predecessor-version":[{"id":19067,"href":"https:\/\/www.lachmayer.eu\/de\/wp-json\/wp\/v2\/posts\/19062\/revisions\/19067"}],"wp:featuredmedia":[{"embeddable":true,"href":"https:\/\/www.lachmayer.eu\/de\/wp-json\/wp\/v2\/media\/19064"}],"wp:attachment":[{"href":"https:\/\/www.lachmayer.eu\/de\/wp-json\/wp\/v2\/media?parent=19062"}],"wp:term":[{"taxonomy":"category","embeddable":true,"href":"https:\/\/www.lachmayer.eu\/de\/wp-json\/wp\/v2\/categories?post=19062"},{"taxonomy":"post_tag","embeddable":true,"href":"https:\/\/www.lachmayer.eu\/de\/wp-json\/wp\/v2\/tags?post=19062"}],"curies":[{"name":"wp","href":"https:\/\/api.w.org\/{rel}","templated":true}]}}