{"id":19096,"date":"2025-01-26T09:25:29","date_gmt":"2025-01-26T08:25:29","guid":{"rendered":"https:\/\/www.lachmayer.eu\/?p=19096"},"modified":"2025-05-06T09:30:25","modified_gmt":"2025-05-06T07:30:25","slug":"just-published-mobilitaetswende","status":"publish","type":"post","link":"https:\/\/www.lachmayer.eu\/de\/just-published-mobilitaetswende\/","title":{"rendered":"Just published \u2013 Mobilit\u00e4tswende"},"content":{"rendered":"<p>Gemeinsam mit Matthias Freund ver\u00f6ffentlichte Konrad Lachmayer einen Beitrag \u00fcber &#8222;Mobilit\u00e4tswende. Ausgangslage, Erfolge und weitere Schritte&#8220;. Der Beitrag ist in der Zeitschrift <a href=\"https:\/\/www.juridikum.at\/archiv\/2024\/4\" target=\"_blank\" rel=\"noopener\">Juridikum<\/a> erschienen.<\/p>\n<p><!--more--><\/p>\n<p>Um eine \u00f6ko-soziale Mobilit\u00e4tswende zu erreichen, bedarf es der Transformation des Verkehrsrechts in all seinen Facetten. Das Recht stellt dabei zahlreiche Regulierungstechniken zur Verf\u00fcgung, doch muss bei der Auswahl auf Interessen der Stakeholder und auf \u00f6ffentliche Akzeptanz R\u00fccksicht genommen werden. &#8230;<\/p>\n","protected":false},"excerpt":{"rendered":"<p>Gemeinsam mit Matthias Freund ver\u00f6ffentlichte Konrad Lachmayer einen Beitrag \u00fcber &#8222;Mobilit\u00e4tswende. Ausgangslage, Erfolge und weitere Schritte&#8220;. Der Beitrag ist in der Zeitschrift Juridikum erschienen.<\/p>\n","protected":false},"author":3,"featured_media":18147,"comment_status":"closed","ping_status":"closed","sticky":false,"template":"","format":"standard","meta":{"footnotes":""},"categories":[74],"tags":[],"class_list":["post-19096","post","type-post","status-publish","format-standard","has-post-thumbnail","hentry","category-just-published"],"_links":{"self":[{"href":"https:\/\/www.lachmayer.eu\/de\/wp-json\/wp\/v2\/posts\/19096","targetHints":{"allow":["GET"]}}],"collection":[{"href":"https:\/\/www.lachmayer.eu\/de\/wp-json\/wp\/v2\/posts"}],"about":[{"href":"https:\/\/www.lachmayer.eu\/de\/wp-json\/wp\/v2\/types\/post"}],"author":[{"embeddable":true,"href":"https:\/\/www.lachmayer.eu\/de\/wp-json\/wp\/v2\/users\/3"}],"replies":[{"embeddable":true,"href":"https:\/\/www.lachmayer.eu\/de\/wp-json\/wp\/v2\/comments?post=19096"}],"version-history":[{"count":1,"href":"https:\/\/www.lachmayer.eu\/de\/wp-json\/wp\/v2\/posts\/19096\/revisions"}],"predecessor-version":[{"id":19097,"href":"https:\/\/www.lachmayer.eu\/de\/wp-json\/wp\/v2\/posts\/19096\/revisions\/19097"}],"wp:featuredmedia":[{"embeddable":true,"href":"https:\/\/www.lachmayer.eu\/de\/wp-json\/wp\/v2\/media\/18147"}],"wp:attachment":[{"href":"https:\/\/www.lachmayer.eu\/de\/wp-json\/wp\/v2\/media?parent=19096"}],"wp:term":[{"taxonomy":"category","embeddable":true,"href":"https:\/\/www.lachmayer.eu\/de\/wp-json\/wp\/v2\/categories?post=19096"},{"taxonomy":"post_tag","embeddable":true,"href":"https:\/\/www.lachmayer.eu\/de\/wp-json\/wp\/v2\/tags?post=19096"}],"curies":[{"name":"wp","href":"https:\/\/api.w.org\/{rel}","templated":true}]}}