{"id":19209,"date":"2025-08-02T13:33:05","date_gmt":"2025-08-02T11:33:05","guid":{"rendered":"https:\/\/www.lachmayer.eu\/?p=19209"},"modified":"2025-08-04T13:40:08","modified_gmt":"2025-08-04T11:40:08","slug":"just-published-koennen-schuelerinnen-die-grundrechte-kennen","status":"publish","type":"post","link":"https:\/\/www.lachmayer.eu\/de\/just-published-koennen-schuelerinnen-die-grundrechte-kennen\/","title":{"rendered":"Just published \u2013 K\u00f6nnen Sch\u00fcler*innen die Grundrechte kennen"},"content":{"rendered":"<p>Gemeinsam mit Florian Kubanek schrieb Professor Lachmayer einen Artikel \u00fcber &#8222;K\u00f6nnen Sch\u00fcler*innen die Grundrechte kennen?&#8220;. Dieser ist in der Zeitschrift <a href=\"https:\/\/www.juridikum.at\/\" target=\"_blank\" rel=\"noopener\">Juridikum<\/a> erschienen.<\/p>\n<p>Die \u00f6sterreichischen Grundrechte finden sich nicht in einem (Grundrechts-)Katalog, sondern<br \/>\nsind \u2013 wie die Verfassung insgesamt \u2013 zersplittert. Im Gegensatz zum deutschen<br \/>\nGrundgesetz, das mit der Aufz\u00e4hlung der Grundrechte beginnt, verlangt das Aufsuchen<br \/>\nder Grundrechte f\u00fcr Menschen, die in \u00d6sterreich leben, eine gewisse Lust zum L\u00f6sen<br \/>\nvon Denksportaufgaben. &#8230;<\/p>\n","protected":false},"excerpt":{"rendered":"<p>Gemeinsam mit Florian Kubanek schrieb Professor Lachmayer einen Artikel \u00fcber &#8222;K\u00f6nnen Sch\u00fcler*innen die Grundrechte kennen?&#8220;. Dieser ist in der Zeitschrift Juridikum erschienen. Die \u00f6sterreichischen Grundrechte &hellip;<\/p>\n","protected":false},"author":3,"featured_media":18147,"comment_status":"closed","ping_status":"closed","sticky":false,"template":"","format":"standard","meta":{"footnotes":""},"categories":[74],"tags":[],"class_list":["post-19209","post","type-post","status-publish","format-standard","has-post-thumbnail","hentry","category-just-published"],"_links":{"self":[{"href":"https:\/\/www.lachmayer.eu\/de\/wp-json\/wp\/v2\/posts\/19209","targetHints":{"allow":["GET"]}}],"collection":[{"href":"https:\/\/www.lachmayer.eu\/de\/wp-json\/wp\/v2\/posts"}],"about":[{"href":"https:\/\/www.lachmayer.eu\/de\/wp-json\/wp\/v2\/types\/post"}],"author":[{"embeddable":true,"href":"https:\/\/www.lachmayer.eu\/de\/wp-json\/wp\/v2\/users\/3"}],"replies":[{"embeddable":true,"href":"https:\/\/www.lachmayer.eu\/de\/wp-json\/wp\/v2\/comments?post=19209"}],"version-history":[{"count":2,"href":"https:\/\/www.lachmayer.eu\/de\/wp-json\/wp\/v2\/posts\/19209\/revisions"}],"predecessor-version":[{"id":19211,"href":"https:\/\/www.lachmayer.eu\/de\/wp-json\/wp\/v2\/posts\/19209\/revisions\/19211"}],"wp:featuredmedia":[{"embeddable":true,"href":"https:\/\/www.lachmayer.eu\/de\/wp-json\/wp\/v2\/media\/18147"}],"wp:attachment":[{"href":"https:\/\/www.lachmayer.eu\/de\/wp-json\/wp\/v2\/media?parent=19209"}],"wp:term":[{"taxonomy":"category","embeddable":true,"href":"https:\/\/www.lachmayer.eu\/de\/wp-json\/wp\/v2\/categories?post=19209"},{"taxonomy":"post_tag","embeddable":true,"href":"https:\/\/www.lachmayer.eu\/de\/wp-json\/wp\/v2\/tags?post=19209"}],"curies":[{"name":"wp","href":"https:\/\/api.w.org\/{rel}","templated":true}]}}