{"id":19269,"date":"2025-10-01T10:43:27","date_gmt":"2025-10-01T08:43:27","guid":{"rendered":"https:\/\/www.lachmayer.eu\/?p=19269"},"modified":"2025-10-22T10:49:21","modified_gmt":"2025-10-22T08:49:21","slug":"just-published-datenschutz-als-menschenrecht","status":"publish","type":"post","link":"https:\/\/www.lachmayer.eu\/de\/just-published-datenschutz-als-menschenrecht\/","title":{"rendered":"Just published \u2013 Datenschutz als Menschenrecht"},"content":{"rendered":"<p>Professor Lachmayer schrieb einen Beitrag \u00fcber \u201eDatenschutz als Menschenrecht. Neue oder alte Herausforderungen durch K\u00fcnstliche Intelligenz?\u201c. Dieser Beitrag ist in dem Tagungsband von Eisenberger\/Klaushofer, KI &#8211; Menschenrechtliche Grundlagen und Grenzen im <a href=\"https:\/\/shop.manz.at\/shop\/products\/9783214257392\" target=\"_blank\" rel=\"noopener\">Manz Verlag<\/a> erschienen.<\/p>\n<p><!--more--><\/p>\n<p>Am 1. Februar 2024 kam es zu einer Anh\u00f6rung der Gesch\u00e4ftsf\u00fchrer gro\u00dfer Social Media Konzerne, unter anderem von Meta, TikTok und X, vor dem US Senat. Dabei standen Defizite bzw die Verbesserung von Schutzma\u00dfnahmen f\u00fcr Kinder und Jugendliche im Vordergrund. &#8230;<\/p>\n","protected":false},"excerpt":{"rendered":"<p>Professor Lachmayer schrieb einen Beitrag \u00fcber \u201eDatenschutz als Menschenrecht. Neue oder alte Herausforderungen durch K\u00fcnstliche Intelligenz?\u201c. Dieser Beitrag ist in dem Tagungsband von Eisenberger\/Klaushofer, KI &hellip;<\/p>\n","protected":false},"author":3,"featured_media":5454,"comment_status":"closed","ping_status":"closed","sticky":false,"template":"","format":"standard","meta":{"footnotes":""},"categories":[74],"tags":[],"class_list":["post-19269","post","type-post","status-publish","format-standard","has-post-thumbnail","hentry","category-just-published"],"_links":{"self":[{"href":"https:\/\/www.lachmayer.eu\/de\/wp-json\/wp\/v2\/posts\/19269","targetHints":{"allow":["GET"]}}],"collection":[{"href":"https:\/\/www.lachmayer.eu\/de\/wp-json\/wp\/v2\/posts"}],"about":[{"href":"https:\/\/www.lachmayer.eu\/de\/wp-json\/wp\/v2\/types\/post"}],"author":[{"embeddable":true,"href":"https:\/\/www.lachmayer.eu\/de\/wp-json\/wp\/v2\/users\/3"}],"replies":[{"embeddable":true,"href":"https:\/\/www.lachmayer.eu\/de\/wp-json\/wp\/v2\/comments?post=19269"}],"version-history":[{"count":2,"href":"https:\/\/www.lachmayer.eu\/de\/wp-json\/wp\/v2\/posts\/19269\/revisions"}],"predecessor-version":[{"id":19271,"href":"https:\/\/www.lachmayer.eu\/de\/wp-json\/wp\/v2\/posts\/19269\/revisions\/19271"}],"wp:featuredmedia":[{"embeddable":true,"href":"https:\/\/www.lachmayer.eu\/de\/wp-json\/wp\/v2\/media\/5454"}],"wp:attachment":[{"href":"https:\/\/www.lachmayer.eu\/de\/wp-json\/wp\/v2\/media?parent=19269"}],"wp:term":[{"taxonomy":"category","embeddable":true,"href":"https:\/\/www.lachmayer.eu\/de\/wp-json\/wp\/v2\/categories?post=19269"},{"taxonomy":"post_tag","embeddable":true,"href":"https:\/\/www.lachmayer.eu\/de\/wp-json\/wp\/v2\/tags?post=19269"}],"curies":[{"name":"wp","href":"https:\/\/api.w.org\/{rel}","templated":true}]}}