{"id":2672,"date":"2015-08-10T17:16:09","date_gmt":"2015-08-10T15:16:09","guid":{"rendered":"http:\/\/www.lachmayer.eu\/?p=2672"},"modified":"2021-09-24T14:28:36","modified_gmt":"2021-09-24T12:28:36","slug":"just-published","status":"publish","type":"post","link":"https:\/\/www.lachmayer.eu\/de\/just-published\/","title":{"rendered":"Just published \u2013 Verfassungsrechtliche Probleme der Normung"},"content":{"rendered":"<p>Konrad Lachmayer schrieb einen Beitrag zum Thema &#8222;Verfassungsrechtliche Probleme der Normung&#8220;, welcher in der\u00a0Zeitschrift f\u00fcr Energie- und Technikrecht\u00a0erschienen ist.<\/p>\n<p><!--more--><\/p>\n<p>&#8222;Die Normung ist in \u00d6sterreich wieder in Diskussion: seien es Vorgaben zur gendergerechten Rechtschreibung oder die Entwicklung einer \u00f6sterreichischen Normenstrategie. Der Beitrag besch\u00e4ftigt sich mit verfassungsrechtlichen Problemstellungen der Normung jenseits von Fragen der Verweisung und Publizit\u00e4t aus bundesstaatlicher und demokratischer Perspektive.&#8220;<\/p>\n<p>&nbsp;<\/p>\n<p><a href=\"https:\/\/www.lachmayer.eu\/wp-content\/uploads\/2015\/08\/ztr-02-2015_inhaltsverzeichnis.pdf\" target=\"_blank\" rel=\"noopener\">Inhaltsverzeichnis_ZTR 2\/2015<\/a><\/p>\n<p>&nbsp;<\/p>\n","protected":false},"excerpt":{"rendered":"<p>Konrad Lachmayer schrieb einen Beitrag zum Thema &#8222;Verfassungsrechtliche Probleme der Normung&#8220;, welcher in der\u00a0Zeitschrift f\u00fcr Energie- und Technikrecht\u00a0erschienen ist.<\/p>\n","protected":false},"author":3,"featured_media":16588,"comment_status":"closed","ping_status":"closed","sticky":false,"template":"","format":"standard","meta":{"footnotes":""},"categories":[74],"tags":[],"class_list":["post-2672","post","type-post","status-publish","format-standard","has-post-thumbnail","hentry","category-just-published"],"_links":{"self":[{"href":"https:\/\/www.lachmayer.eu\/de\/wp-json\/wp\/v2\/posts\/2672","targetHints":{"allow":["GET"]}}],"collection":[{"href":"https:\/\/www.lachmayer.eu\/de\/wp-json\/wp\/v2\/posts"}],"about":[{"href":"https:\/\/www.lachmayer.eu\/de\/wp-json\/wp\/v2\/types\/post"}],"author":[{"embeddable":true,"href":"https:\/\/www.lachmayer.eu\/de\/wp-json\/wp\/v2\/users\/3"}],"replies":[{"embeddable":true,"href":"https:\/\/www.lachmayer.eu\/de\/wp-json\/wp\/v2\/comments?post=2672"}],"version-history":[{"count":0,"href":"https:\/\/www.lachmayer.eu\/de\/wp-json\/wp\/v2\/posts\/2672\/revisions"}],"wp:featuredmedia":[{"embeddable":true,"href":"https:\/\/www.lachmayer.eu\/de\/wp-json\/wp\/v2\/media\/16588"}],"wp:attachment":[{"href":"https:\/\/www.lachmayer.eu\/de\/wp-json\/wp\/v2\/media?parent=2672"}],"wp:term":[{"taxonomy":"category","embeddable":true,"href":"https:\/\/www.lachmayer.eu\/de\/wp-json\/wp\/v2\/categories?post=2672"},{"taxonomy":"post_tag","embeddable":true,"href":"https:\/\/www.lachmayer.eu\/de\/wp-json\/wp\/v2\/tags?post=2672"}],"curies":[{"name":"wp","href":"https:\/\/api.w.org\/{rel}","templated":true}]}}