{"id":2740,"date":"2015-10-05T18:02:40","date_gmt":"2015-10-05T16:02:40","guid":{"rendered":"http:\/\/www.lachmayer.eu\/?p=2740"},"modified":"2023-02-24T14:43:32","modified_gmt":"2023-02-24T13:43:32","slug":"blog-beitrag-die-macht-der-normung","status":"publish","type":"post","link":"https:\/\/www.lachmayer.eu\/de\/blog-beitrag-die-macht-der-normung\/","title":{"rendered":"Blog-Beitrag: Die Macht der Normung"},"content":{"rendered":"<p>Konrad Lachmayer ver\u00f6ffentlichte am 5. Oktober 2015 den Beitrag <strong>&#8222;Die Macht der Normung: Rechtliche Standards sind notwendig&#8220;\u00a0<\/strong>im\u00a0blog.arbeit-wirtschaft.at.<\/p>\n<p><!--more-->Technische Normung soll es der Wirtschaft erm\u00f6glichen auf einheitliche Standards zur\u00fcckgreifen zu k\u00f6nnen. In den letzten Jahrzehnten entwickelte sich die Normung aber stark weiter. Sie hat sich europ\u00e4isiert und internationalisiert; &#8230;<\/p>\n<p>Gesamten Beitrag lesen unter <a href=\"http:\/\/blog.arbeit-wirtschaft.at\/die-macht-der-normung-rechtliche-standards-sind-notwendig\/\" target=\"_blank\" rel=\"noopener\">http:\/\/blog.arbeit-wirtschaft.at\/die-macht-der-normung-rechtliche-standards-sind-notwendig\/<\/a><\/p>\n","protected":false},"excerpt":{"rendered":"<p>Konrad Lachmayer ver\u00f6ffentlichte am 5. Oktober 2015 den Beitrag &#8222;Die Macht der Normung: Rechtliche Standards sind notwendig&#8220;\u00a0im\u00a0blog.arbeit-wirtschaft.at.<\/p>\n","protected":false},"author":3,"featured_media":18292,"comment_status":"closed","ping_status":"closed","sticky":false,"template":"","format":"standard","meta":{"footnotes":""},"categories":[87],"tags":[],"class_list":["post-2740","post","type-post","status-publish","format-standard","has-post-thumbnail","hentry","category-blog-2"],"_links":{"self":[{"href":"https:\/\/www.lachmayer.eu\/de\/wp-json\/wp\/v2\/posts\/2740","targetHints":{"allow":["GET"]}}],"collection":[{"href":"https:\/\/www.lachmayer.eu\/de\/wp-json\/wp\/v2\/posts"}],"about":[{"href":"https:\/\/www.lachmayer.eu\/de\/wp-json\/wp\/v2\/types\/post"}],"author":[{"embeddable":true,"href":"https:\/\/www.lachmayer.eu\/de\/wp-json\/wp\/v2\/users\/3"}],"replies":[{"embeddable":true,"href":"https:\/\/www.lachmayer.eu\/de\/wp-json\/wp\/v2\/comments?post=2740"}],"version-history":[{"count":1,"href":"https:\/\/www.lachmayer.eu\/de\/wp-json\/wp\/v2\/posts\/2740\/revisions"}],"predecessor-version":[{"id":18294,"href":"https:\/\/www.lachmayer.eu\/de\/wp-json\/wp\/v2\/posts\/2740\/revisions\/18294"}],"wp:featuredmedia":[{"embeddable":true,"href":"https:\/\/www.lachmayer.eu\/de\/wp-json\/wp\/v2\/media\/18292"}],"wp:attachment":[{"href":"https:\/\/www.lachmayer.eu\/de\/wp-json\/wp\/v2\/media?parent=2740"}],"wp:term":[{"taxonomy":"category","embeddable":true,"href":"https:\/\/www.lachmayer.eu\/de\/wp-json\/wp\/v2\/categories?post=2740"},{"taxonomy":"post_tag","embeddable":true,"href":"https:\/\/www.lachmayer.eu\/de\/wp-json\/wp\/v2\/tags?post=2740"}],"curies":[{"name":"wp","href":"https:\/\/api.w.org\/{rel}","templated":true}]}}