{"id":2746,"date":"2015-10-12T17:51:16","date_gmt":"2015-10-12T15:51:16","guid":{"rendered":"http:\/\/www.lachmayer.eu\/?p=2746"},"modified":"2021-09-24T14:28:55","modified_gmt":"2021-09-24T12:28:55","slug":"just-published-datenschutz-fuer-die-digitale-schuelerverwaltung","status":"publish","type":"post","link":"https:\/\/www.lachmayer.eu\/de\/just-published-datenschutz-fuer-die-digitale-schuelerverwaltung\/","title":{"rendered":"Just published \u2013 Datenschutz f\u00fcr die digitale Sch\u00fclerverwaltung"},"content":{"rendered":"<p>Gemeinsam mit\u00a0Dr. Thomas Menzel hat Konrad Lachmayer die Online-Studie\u00a0&#8222;Datenschutz f\u00fcr die digitale Sch\u00fclerverwaltung&#8220;, welche vom Bundesministerium f\u00fcr Bildung und Frauen herausgegeben wurde, geschrieben. Mit der zunehmenden Informationalisierung des Alltags, dem Potenzial elektronischer Medien zur Vereinfachung von Verwaltungsabl\u00e4ufen und zur didaktischen Unterst\u00fctzung des Unterrichts spielen Informationstechnologien in der Schule eine wichtige Rolle.<\/p>\n<p><!--more--><\/p>\n<p>Der Einsatz von IT &amp; Internet bedeutet aber auch die zunehmende Verwendung von personenbezogenen Daten, vor allem von Sch\u00fclerinnen und Sch\u00fclern. Die Verwendung dieser Daten unterliegt rechtlichen Regeln, &#8230;<\/p>\n<p>Die Studie ist unter dem Link\u00a0<a href=\"http:\/\/pubshop.bmbf.gv.at\/detail.aspx?id=586\" target=\"_blank\" rel=\"noopener\">http:\/\/pubshop.bmbf.gv.at\/detail.aspx?id=586<\/a>\u00a0abrufbar.<\/p>\n","protected":false},"excerpt":{"rendered":"<p>Gemeinsam mit\u00a0Dr. Thomas Menzel hat Konrad Lachmayer die Online-Studie\u00a0&#8222;Datenschutz f\u00fcr die digitale Sch\u00fclerverwaltung&#8220;, welche vom Bundesministerium f\u00fcr Bildung und Frauen herausgegeben wurde, geschrieben. Mit der &hellip;<\/p>\n","protected":false},"author":3,"featured_media":16586,"comment_status":"closed","ping_status":"closed","sticky":false,"template":"","format":"standard","meta":{"footnotes":""},"categories":[74],"tags":[],"class_list":["post-2746","post","type-post","status-publish","format-standard","has-post-thumbnail","hentry","category-just-published"],"_links":{"self":[{"href":"https:\/\/www.lachmayer.eu\/de\/wp-json\/wp\/v2\/posts\/2746","targetHints":{"allow":["GET"]}}],"collection":[{"href":"https:\/\/www.lachmayer.eu\/de\/wp-json\/wp\/v2\/posts"}],"about":[{"href":"https:\/\/www.lachmayer.eu\/de\/wp-json\/wp\/v2\/types\/post"}],"author":[{"embeddable":true,"href":"https:\/\/www.lachmayer.eu\/de\/wp-json\/wp\/v2\/users\/3"}],"replies":[{"embeddable":true,"href":"https:\/\/www.lachmayer.eu\/de\/wp-json\/wp\/v2\/comments?post=2746"}],"version-history":[{"count":0,"href":"https:\/\/www.lachmayer.eu\/de\/wp-json\/wp\/v2\/posts\/2746\/revisions"}],"wp:featuredmedia":[{"embeddable":true,"href":"https:\/\/www.lachmayer.eu\/de\/wp-json\/wp\/v2\/media\/16586"}],"wp:attachment":[{"href":"https:\/\/www.lachmayer.eu\/de\/wp-json\/wp\/v2\/media?parent=2746"}],"wp:term":[{"taxonomy":"category","embeddable":true,"href":"https:\/\/www.lachmayer.eu\/de\/wp-json\/wp\/v2\/categories?post=2746"},{"taxonomy":"post_tag","embeddable":true,"href":"https:\/\/www.lachmayer.eu\/de\/wp-json\/wp\/v2\/tags?post=2746"}],"curies":[{"name":"wp","href":"https:\/\/api.w.org\/{rel}","templated":true}]}}