{"id":2822,"date":"2015-11-12T15:00:02","date_gmt":"2015-11-12T13:00:02","guid":{"rendered":"http:\/\/www.lachmayer.eu\/de\/?p=2822"},"modified":"2021-09-24T11:24:00","modified_gmt":"2021-09-24T09:24:00","slug":"just-published-zur-schnelllebigkeit-des-rechts-und-der-bestaendigkeit-des-buchs","status":"publish","type":"post","link":"https:\/\/www.lachmayer.eu\/de\/just-published-zur-schnelllebigkeit-des-rechts-und-der-bestaendigkeit-des-buchs\/","title":{"rendered":"Just published \u2013 &#8222;Zur Schnelllebigkeit des Rechts und der Best\u00e4ndigkeit des Buchs&#8220;"},"content":{"rendered":"<p>Konrad Lachmayer ver\u00f6ffentlichte im anzeiger einen Artikel &#8222;Zur Schnelllebigkeit des Rechts und der Best\u00e4ndigkeit des Buchs&#8220;:<\/p>\n<p><em>Die juristische Fachliteratur ist eine eigene Welt: sie ist gepr\u00e4gt von der Dynamik der Rechtsentwicklungen, eigenwilliger Sprache und einer traditionsbewussten Klientel. Ein kurzer Einblick in rechtliche Neuigkeiten und divergente Verlagsperspektiven.<\/em><!--more--><\/p>\n<p>&#8222;<a href=\"http:\/\/www.buecher.at\/show_content.php?sid=11\" target=\"_blank\" rel=\"noopener\">Mit freundlicher Genehmigung des Hauptverbandes des \u00d6sterreichischen Buchhandels<\/a>&#8220; steht der Beitrag als Download zur Verf\u00fcgung.<\/p>\n<p><a href=\"https:\/\/www.lachmayer.eu\/wp-content\/uploads\/2015\/06\/Anzeiger_2015_Schnelllebigkeit-des-Rechts.pdf\" target=\"_blank\" rel=\"noopener\">Anzeiger_2015_Schnelllebigkeit des Rechts<\/a><\/p>\n","protected":false},"excerpt":{"rendered":"<p>Konrad Lachmayer ver\u00f6ffentlichte im anzeiger einen Artikel &#8222;Zur Schnelllebigkeit des Rechts und der Best\u00e4ndigkeit des Buchs&#8220;: Die juristische Fachliteratur ist eine eigene Welt: sie ist &hellip;<\/p>\n","protected":false},"author":3,"featured_media":16585,"comment_status":"closed","ping_status":"closed","sticky":false,"template":"","format":"standard","meta":{"footnotes":""},"categories":[74],"tags":[],"class_list":["post-2822","post","type-post","status-publish","format-standard","has-post-thumbnail","hentry","category-just-published"],"_links":{"self":[{"href":"https:\/\/www.lachmayer.eu\/de\/wp-json\/wp\/v2\/posts\/2822","targetHints":{"allow":["GET"]}}],"collection":[{"href":"https:\/\/www.lachmayer.eu\/de\/wp-json\/wp\/v2\/posts"}],"about":[{"href":"https:\/\/www.lachmayer.eu\/de\/wp-json\/wp\/v2\/types\/post"}],"author":[{"embeddable":true,"href":"https:\/\/www.lachmayer.eu\/de\/wp-json\/wp\/v2\/users\/3"}],"replies":[{"embeddable":true,"href":"https:\/\/www.lachmayer.eu\/de\/wp-json\/wp\/v2\/comments?post=2822"}],"version-history":[{"count":0,"href":"https:\/\/www.lachmayer.eu\/de\/wp-json\/wp\/v2\/posts\/2822\/revisions"}],"wp:featuredmedia":[{"embeddable":true,"href":"https:\/\/www.lachmayer.eu\/de\/wp-json\/wp\/v2\/media\/16585"}],"wp:attachment":[{"href":"https:\/\/www.lachmayer.eu\/de\/wp-json\/wp\/v2\/media?parent=2822"}],"wp:term":[{"taxonomy":"category","embeddable":true,"href":"https:\/\/www.lachmayer.eu\/de\/wp-json\/wp\/v2\/categories?post=2822"},{"taxonomy":"post_tag","embeddable":true,"href":"https:\/\/www.lachmayer.eu\/de\/wp-json\/wp\/v2\/tags?post=2822"}],"curies":[{"name":"wp","href":"https:\/\/api.w.org\/{rel}","templated":true}]}}