{"id":2941,"date":"2016-01-04T17:13:19","date_gmt":"2016-01-04T15:13:19","guid":{"rendered":"http:\/\/www.lachmayer.eu\/de\/?p=2941"},"modified":"2021-09-24T15:02:08","modified_gmt":"2021-09-24T13:02:08","slug":"just-published-enabling-spaces-raum-in-der-rechtsdidaktik","status":"publish","type":"post","link":"https:\/\/www.lachmayer.eu\/de\/just-published-enabling-spaces-raum-in-der-rechtsdidaktik\/","title":{"rendered":"Just published \u2013 Enabling spaces &#8211; Raum in der Rechtsdidaktik"},"content":{"rendered":"<p>Konrad Lachmayer schrieb den wissenschaftlichen Beitrag &#8222;Enabling spaces &#8211; Raum in der Rechtsdidaktik&#8220; f\u00fcr die Zeitschrift f\u00fcr Didaktik der Rechtswissenschaft (ZDRW).<\/p>\n<p><em>Lernen und Lehren von Recht findet in R\u00e4umen statt: in architektonischen R\u00e4umen, in sozialen R\u00e4umen oder in virtuellen R\u00e4umen.<!--more--><\/em><\/p>\n<p><em>Der Raum als Dimension der Rechtsdidaktik ist in zweierlei Perspektiven zu verstehen: zum einen stellt der Raum eine essenzielle Rahmen- und Erm\u00f6glichungsbedingung von rechtswissenschaftlichem Lernen dar; der Raum wird zum Erm\u00f6glichungsraum. Zum anderen findet auch Recht in R\u00e4umen statt (etwa in Gerichtss\u00e4len). Die Aktivierung der rechtlichen Raumdimension kann das Lernen von Recht verbessern, da es die Bezugspunkte zu Raumvorstellungen erm\u00f6glichen, Recht durch Gedankenr\u00e4ume besser zu verstehen. Stellt sich die Rechtsdidaktik dem Raum-Thema, so k\u00f6nnen daraus konkrete didaktische Konzepte entwickelt werden, um das rechtliche Lernen weiter zu entwickeln. Der nachstehende Beitrag fasst Eindr\u00fccke und Ergebnisse eines Lehren-Projects (www.lehrehochn.de) mit der Universit\u00e4t Hamburg zusammen.<\/em><\/p>\n<p>Die <a href=\"http:\/\/www.zdrw.nomos.de\/\" target=\"_blank\" rel=\"noopener\">Zeitschrift f\u00fcr Didaktik der Rechtswissenschaft (ZDRW)<\/a>\u00a0ist beim Nomos Verlag erh\u00e4ltlich.<\/p>\n","protected":false},"excerpt":{"rendered":"<p>Konrad Lachmayer schrieb den wissenschaftlichen Beitrag &#8222;Enabling spaces &#8211; Raum in der Rechtsdidaktik&#8220; f\u00fcr die Zeitschrift f\u00fcr Didaktik der Rechtswissenschaft (ZDRW). Lernen und Lehren von &hellip;<\/p>\n","protected":false},"author":3,"featured_media":16721,"comment_status":"closed","ping_status":"closed","sticky":false,"template":"","format":"standard","meta":{"footnotes":""},"categories":[74],"tags":[],"class_list":["post-2941","post","type-post","status-publish","format-standard","has-post-thumbnail","hentry","category-just-published"],"_links":{"self":[{"href":"https:\/\/www.lachmayer.eu\/de\/wp-json\/wp\/v2\/posts\/2941","targetHints":{"allow":["GET"]}}],"collection":[{"href":"https:\/\/www.lachmayer.eu\/de\/wp-json\/wp\/v2\/posts"}],"about":[{"href":"https:\/\/www.lachmayer.eu\/de\/wp-json\/wp\/v2\/types\/post"}],"author":[{"embeddable":true,"href":"https:\/\/www.lachmayer.eu\/de\/wp-json\/wp\/v2\/users\/3"}],"replies":[{"embeddable":true,"href":"https:\/\/www.lachmayer.eu\/de\/wp-json\/wp\/v2\/comments?post=2941"}],"version-history":[{"count":0,"href":"https:\/\/www.lachmayer.eu\/de\/wp-json\/wp\/v2\/posts\/2941\/revisions"}],"wp:featuredmedia":[{"embeddable":true,"href":"https:\/\/www.lachmayer.eu\/de\/wp-json\/wp\/v2\/media\/16721"}],"wp:attachment":[{"href":"https:\/\/www.lachmayer.eu\/de\/wp-json\/wp\/v2\/media?parent=2941"}],"wp:term":[{"taxonomy":"category","embeddable":true,"href":"https:\/\/www.lachmayer.eu\/de\/wp-json\/wp\/v2\/categories?post=2941"},{"taxonomy":"post_tag","embeddable":true,"href":"https:\/\/www.lachmayer.eu\/de\/wp-json\/wp\/v2\/tags?post=2941"}],"curies":[{"name":"wp","href":"https:\/\/api.w.org\/{rel}","templated":true}]}}