{"id":3248,"date":"2016-04-08T09:51:41","date_gmt":"2016-04-08T07:51:41","guid":{"rendered":"http:\/\/www.lachmayer.eu\/de\/?p=3248"},"modified":"2021-09-24T15:26:38","modified_gmt":"2021-09-24T13:26:38","slug":"vortrag-ressourceneffizienz-als-umweltrechtliche-kategorie","status":"publish","type":"post","link":"https:\/\/www.lachmayer.eu\/de\/vortrag-ressourceneffizienz-als-umweltrechtliche-kategorie\/","title":{"rendered":"Vortrag: Ressourceneffizienz als  umweltrechtliche Kategorie?"},"content":{"rendered":"<p>Am 21. April 2016\u00a0hielt Prof. Franz Reimer von der Universit\u00e4t Gie\u00dfen einen Vortrag\u00a0\u00fcber &#8222;Ressourceneffizienz als umweltrechtliche Kategorie?&#8220; im Zuge der von Prof. Iris Eisenberger und Priv.-Doz. Konrad Lachmayer gemeinsam organisierten <a href=\"https:\/\/www.lachmayer.eu\/de\/vortragsreihe-law-technology-society\/\" target=\"_blank\" rel=\"noopener\">LTS-Lecture-Series<\/a> an der Universit\u00e4t f\u00fcr Bodenkultur.<\/p>\n<p><!--more-->Der Effizienzbegriff geistert nicht nur durch das Umweltenergierecht (\u201eEnergieeffizienz\u201c), sondern auch durch das Wirtschaftsrecht. L\u00e4sst sich der Begriff der Ressourceneffizienz f\u00fcr ein integratives Umweltrecht nutzen? Das Referat zeigt Ans\u00e4tze zur Ressourcenschonung im europ\u00e4ischen Recht und fragt nach Weiterentwicklungsm\u00f6glichkeiten.<\/p>\n<p>&nbsp;<\/p>\n<p><a href=\"https:\/\/www.lachmayer.eu\/wp-content\/uploads\/2016\/04\/LTS_Ankuendigung_Reimer.pdf\" target=\"_blank\" rel=\"noopener\">Programm<\/a><\/p>\n","protected":false},"excerpt":{"rendered":"<p>Am 21. April 2016\u00a0hielt Prof. Franz Reimer von der Universit\u00e4t Gie\u00dfen einen Vortrag\u00a0\u00fcber &#8222;Ressourceneffizienz als umweltrechtliche Kategorie?&#8220; im Zuge der von Prof. Iris Eisenberger und &hellip;<\/p>\n","protected":false},"author":3,"featured_media":16725,"comment_status":"closed","ping_status":"closed","sticky":false,"template":"","format":"standard","meta":{"footnotes":""},"categories":[80],"tags":[],"class_list":["post-3248","post","type-post","status-publish","format-standard","has-post-thumbnail","hentry","category-vortrag"],"_links":{"self":[{"href":"https:\/\/www.lachmayer.eu\/de\/wp-json\/wp\/v2\/posts\/3248","targetHints":{"allow":["GET"]}}],"collection":[{"href":"https:\/\/www.lachmayer.eu\/de\/wp-json\/wp\/v2\/posts"}],"about":[{"href":"https:\/\/www.lachmayer.eu\/de\/wp-json\/wp\/v2\/types\/post"}],"author":[{"embeddable":true,"href":"https:\/\/www.lachmayer.eu\/de\/wp-json\/wp\/v2\/users\/3"}],"replies":[{"embeddable":true,"href":"https:\/\/www.lachmayer.eu\/de\/wp-json\/wp\/v2\/comments?post=3248"}],"version-history":[{"count":0,"href":"https:\/\/www.lachmayer.eu\/de\/wp-json\/wp\/v2\/posts\/3248\/revisions"}],"wp:featuredmedia":[{"embeddable":true,"href":"https:\/\/www.lachmayer.eu\/de\/wp-json\/wp\/v2\/media\/16725"}],"wp:attachment":[{"href":"https:\/\/www.lachmayer.eu\/de\/wp-json\/wp\/v2\/media?parent=3248"}],"wp:term":[{"taxonomy":"category","embeddable":true,"href":"https:\/\/www.lachmayer.eu\/de\/wp-json\/wp\/v2\/categories?post=3248"},{"taxonomy":"post_tag","embeddable":true,"href":"https:\/\/www.lachmayer.eu\/de\/wp-json\/wp\/v2\/tags?post=3248"}],"curies":[{"name":"wp","href":"https:\/\/api.w.org\/{rel}","templated":true}]}}