{"id":3472,"date":"2016-07-06T17:20:15","date_gmt":"2016-07-06T15:20:15","guid":{"rendered":"http:\/\/www.lachmayer.eu\/de\/?p=3472"},"modified":"2021-09-27T20:09:32","modified_gmt":"2021-09-27T18:09:32","slug":"medien-hoechstgerichtsurteil-demokratie-ist-durch-solche-verstoesse-eben-nicht-gefaehrdet","status":"publish","type":"post","link":"https:\/\/www.lachmayer.eu\/de\/medien-hoechstgerichtsurteil-demokratie-ist-durch-solche-verstoesse-eben-nicht-gefaehrdet\/","title":{"rendered":"Medien: H\u00f6chstgerichtsurteil: Demokratie ist durch solche Verst\u00f6\u00dfe eben nicht gef\u00e4hrdet"},"content":{"rendered":"<p>Konrad Lachmayer gab als Verfassungsexperte dem Standard-Redakteur Peter Mayr am 6. Juli 2016 ein<a href=\"https:\/\/www.lachmayer.eu\/de\/medien\/\" target=\"_blank\" rel=\"noopener\"> Interview \u00fcber das VfGH-Urteil <\/a>zur Bundespr\u00e4sidentenstichwahl. Weitere Informationen finden Sie ebenfalls im XING-Forum &#8222;<a href=\"https:\/\/www.xing.com\/communities\/groups\/forum-oeffentliches-recht-in-oesterreich-1076985\" target=\"_blank\" rel=\"noopener\">\u00d6ffentliches Recht in \u00d6sterreich<\/a>&#8222;.<\/p>\n<p>Lesen Sie mehr &#8230;<\/p>\n<p><!--more--><a href=\"https:\/\/www.lachmayer.eu\/wp-content\/uploads\/2016\/07\/Der-Standard_6.7.16_Bundespr\u00e4sidentenwahl_H\u00f6chstgerichtsurteil.pdf\" target=\"_blank\" rel=\"noopener\">Interview in der Zeitung Der Standard vom 6.7.2016 zum H\u00f6chstgerichtsurteil<\/a><\/p>\n<p>4-teilige Serie \u00fcber den &#8222;VfGH als staatspolitisches Grenzorgan&#8220;<\/p>\n<p><a href=\"https:\/\/www.xing.com\/communities\/posts\/der-vfgh-als-staatspolitisches-grenzorgan-i-die-aufhebung-der-stichwahl-1011584633\" target=\"_blank\" rel=\"noopener\">Teil 1<\/a>\u00a0\u00a0\u00a0\u00a0 <a href=\"https:\/\/www.xing.com\/communities\/posts\/der-vfgh-als-staatspolitisches-grenzorgan-ii-zwischen-recht-und-politik-1011584640\" target=\"_blank\" rel=\"noopener\">Teil\u00a0 2<\/a>\u00a0\u00a0\u00a0\u00a0\u00a0\u00a0 <a href=\"https:\/\/www.xing.com\/communities\/posts\/der-vfgh-als-staatspolitisches-grenzorgan-iii-zwischen-rechtsstaat-und-demokratie-1011584644\" target=\"_blank\" rel=\"noopener\">Teil 3<\/a>\u00a0\u00a0\u00a0\u00a0\u00a0\u00a0 <a href=\"https:\/\/www.xing.com\/communities\/posts\/der-vfgh-als-staatspolitisches-grenzorgan-iv-zur-notwendigkeit-der-transparenz-des-vfgh-1011584648\" target=\"_blank\" rel=\"noopener\">Teil 4<\/a><\/p>\n<p>&nbsp;<\/p>\n<p>&nbsp;<\/p>\n","protected":false},"excerpt":{"rendered":"<p>Konrad Lachmayer gab als Verfassungsexperte dem Standard-Redakteur Peter Mayr am 6. Juli 2016 ein Interview \u00fcber das VfGH-Urteil zur Bundespr\u00e4sidentenstichwahl. Weitere Informationen finden Sie ebenfalls &hellip;<\/p>\n","protected":false},"author":3,"featured_media":16173,"comment_status":"closed","ping_status":"closed","sticky":false,"template":"","format":"standard","meta":{"footnotes":""},"categories":[76],"tags":[],"class_list":["post-3472","post","type-post","status-publish","format-standard","has-post-thumbnail","hentry","category-medien"],"_links":{"self":[{"href":"https:\/\/www.lachmayer.eu\/de\/wp-json\/wp\/v2\/posts\/3472","targetHints":{"allow":["GET"]}}],"collection":[{"href":"https:\/\/www.lachmayer.eu\/de\/wp-json\/wp\/v2\/posts"}],"about":[{"href":"https:\/\/www.lachmayer.eu\/de\/wp-json\/wp\/v2\/types\/post"}],"author":[{"embeddable":true,"href":"https:\/\/www.lachmayer.eu\/de\/wp-json\/wp\/v2\/users\/3"}],"replies":[{"embeddable":true,"href":"https:\/\/www.lachmayer.eu\/de\/wp-json\/wp\/v2\/comments?post=3472"}],"version-history":[{"count":0,"href":"https:\/\/www.lachmayer.eu\/de\/wp-json\/wp\/v2\/posts\/3472\/revisions"}],"wp:featuredmedia":[{"embeddable":true,"href":"https:\/\/www.lachmayer.eu\/de\/wp-json\/wp\/v2\/media\/16173"}],"wp:attachment":[{"href":"https:\/\/www.lachmayer.eu\/de\/wp-json\/wp\/v2\/media?parent=3472"}],"wp:term":[{"taxonomy":"category","embeddable":true,"href":"https:\/\/www.lachmayer.eu\/de\/wp-json\/wp\/v2\/categories?post=3472"},{"taxonomy":"post_tag","embeddable":true,"href":"https:\/\/www.lachmayer.eu\/de\/wp-json\/wp\/v2\/tags?post=3472"}],"curies":[{"name":"wp","href":"https:\/\/api.w.org\/{rel}","templated":true}]}}