{"id":3524,"date":"2016-09-09T09:35:39","date_gmt":"2016-09-09T07:35:39","guid":{"rendered":"http:\/\/www.lachmayer.eu\/de\/?p=3524"},"modified":"2021-09-27T20:05:26","modified_gmt":"2021-09-27T18:05:26","slug":"vortrag-europaeische-verwaltungskooperation","status":"publish","type":"post","link":"https:\/\/www.lachmayer.eu\/de\/vortrag-europaeische-verwaltungskooperation\/","title":{"rendered":"Vortrag: Europ\u00e4ische Verwaltungskooperation"},"content":{"rendered":"<p>Konrad Lachmayer hielt am 15. September 2016 auf der \u00d6VG-Herbsttagung einen Vortrag \u00fcber &#8222;Europ\u00e4ische Verwaltungskooperation&#8220;.<\/p>\n<p>Zeit: 15. 9. 2016, 16.00 Uhr<br \/>\nOrt: Palais Harrach, Freyung 3, 1010 Wien<\/p>\n<p><!--more-->Die\u00a0zweit\u00e4gige Herbsttagung der <a href=\"http:\/\/www.oevg.info\/\" target=\"_blank\" rel=\"noopener\">\u00d6sterreichischen Verwaltungswissenschaftlichen Gesellschaft <\/a>(\u00d6VG) widmete sich der Thematik der Herausforderungen der Migration an den Verwaltungsstaat.<\/p>\n<p>&nbsp;<\/p>\n<p><a href=\"https:\/\/www.lachmayer.eu\/wp-content\/uploads\/2016\/08\/\u00d6VG-Programm_Herbsttagung_2016.pdf\" target=\"_blank\" rel=\"noopener\">\u00d6VG-Programm_Herbsttagung_2016<\/a><\/p>\n<p>&nbsp;<\/p>\n","protected":false},"excerpt":{"rendered":"<p>Konrad Lachmayer hielt am 15. September 2016 auf der \u00d6VG-Herbsttagung einen Vortrag \u00fcber &#8222;Europ\u00e4ische Verwaltungskooperation&#8220;. Zeit: 15. 9. 2016, 16.00 Uhr Ort: Palais Harrach, Freyung &hellip;<\/p>\n","protected":false},"author":3,"featured_media":17150,"comment_status":"closed","ping_status":"closed","sticky":false,"template":"","format":"standard","meta":{"footnotes":""},"categories":[80],"tags":[],"class_list":["post-3524","post","type-post","status-publish","format-standard","has-post-thumbnail","hentry","category-vortrag"],"_links":{"self":[{"href":"https:\/\/www.lachmayer.eu\/de\/wp-json\/wp\/v2\/posts\/3524","targetHints":{"allow":["GET"]}}],"collection":[{"href":"https:\/\/www.lachmayer.eu\/de\/wp-json\/wp\/v2\/posts"}],"about":[{"href":"https:\/\/www.lachmayer.eu\/de\/wp-json\/wp\/v2\/types\/post"}],"author":[{"embeddable":true,"href":"https:\/\/www.lachmayer.eu\/de\/wp-json\/wp\/v2\/users\/3"}],"replies":[{"embeddable":true,"href":"https:\/\/www.lachmayer.eu\/de\/wp-json\/wp\/v2\/comments?post=3524"}],"version-history":[{"count":0,"href":"https:\/\/www.lachmayer.eu\/de\/wp-json\/wp\/v2\/posts\/3524\/revisions"}],"wp:featuredmedia":[{"embeddable":true,"href":"https:\/\/www.lachmayer.eu\/de\/wp-json\/wp\/v2\/media\/17150"}],"wp:attachment":[{"href":"https:\/\/www.lachmayer.eu\/de\/wp-json\/wp\/v2\/media?parent=3524"}],"wp:term":[{"taxonomy":"category","embeddable":true,"href":"https:\/\/www.lachmayer.eu\/de\/wp-json\/wp\/v2\/categories?post=3524"},{"taxonomy":"post_tag","embeddable":true,"href":"https:\/\/www.lachmayer.eu\/de\/wp-json\/wp\/v2\/tags?post=3524"}],"curies":[{"name":"wp","href":"https:\/\/api.w.org\/{rel}","templated":true}]}}