{"id":3773,"date":"2016-10-11T19:01:18","date_gmt":"2016-10-11T17:01:18","guid":{"rendered":"http:\/\/www.lachmayer.eu\/de\/?p=3773"},"modified":"2021-09-27T17:42:33","modified_gmt":"2021-09-27T15:42:33","slug":"vortrag-voelkerrechtliche-antworten-auf-klimabedingte-migration","status":"publish","type":"post","link":"https:\/\/www.lachmayer.eu\/de\/vortrag-voelkerrechtliche-antworten-auf-klimabedingte-migration\/","title":{"rendered":"Vortrag: V\u00f6lkerrechtliche\u00a0Antworten\u00a0auf\u00a0klimabedingte\u00a0Migration"},"content":{"rendered":"<p>Am 27.\u00a0Oktober\u00a02016 spricht Prof.\u00a0Dr.\u00a0Dirk\u00a0Hanschel, \u00a0Martin\u2010Luther\u2010Universit\u00e4t\u00a0Halle\u2010Wittenberg \u00fcber \u201eV\u00f6lkerrechtliche\u00a0Antworten\u00a0auf\u00a0klimabedingte\u00a0Migration\u201c im Zuge der von Prof. <a href=\"http:\/\/www.boku.ac.at\/personen\/person\/96CF51729E6712EB\/\" target=\"_blank\" rel=\"noopener\">Iris Eisenberger <\/a>und Priv.-Doz. Konrad Lachmayer gemeinsam organisierten <a href=\"https:\/\/www.lachmayer.eu\/de\/vortragsreihe-wise-16-law-technology-society\/\" target=\"_blank\" rel=\"noopener\">LTS-Lecture-Series <\/a>an der Universit\u00e4t f\u00fcr Bodenkultur.<\/p>\n<p><!--more-->Der Klimawandel als Migrationsursache stellt eine gro\u00dfe gesellschaftliche Herausforderung dar, die nicht zuletzt auch v\u00f6lkerrechtliche Antworten verlangt. Unter Betrachtung (unter anderem) des internationalen Fl\u00fcchtlingsrechts, des internationalen Menschenrechtsschutzes sowie des Umweltv\u00f6lkerrechts geht der Vortrag daher der Frage nach, welches Rechtsregime dem Problem der sog. Klimaflucht (ob innerhalb eines Staatsgebiets oder grenz\u00fcberschreitend) am ehesten gerecht wird und welcher Reformbedarf dar\u00fcber hinaus besteht.<\/p>\n<p>Die\u00a0Teilnahme\u00a0ist\u00a0kostenlos.\u00a0Um\u00a0Anmeldung\u00a0bis\u00a0zum\u00a0 24.\u00a0Oktober\u00a02016\u00a0wird\u00a0gebeten:\u00a0<a href=\"&#109;&#x61;&#105;&#x6c;&#116;&#x6f;&#58;&#x6c;&#97;&#x77;&#64;&#x62;&#111;&#x6b;&#117;&#x2e;&#97;&#x63;&#46;&#x61;&#116;\">&#x6c;aw&#x40;&#98;o&#x6b;&#117;.&#x61;&#x63;.&#x61;&#x74;\u00a0<\/a><\/p>\n<p><a href=\"https:\/\/www.lachmayer.eu\/wp-content\/uploads\/2016\/10\/LTS_Ank\u00fcndigung_Hanschel.pdf\">Programm<\/a><\/p>\n","protected":false},"excerpt":{"rendered":"<p>Am 27.\u00a0Oktober\u00a02016 spricht Prof.\u00a0Dr.\u00a0Dirk\u00a0Hanschel, \u00a0Martin\u2010Luther\u2010Universit\u00e4t\u00a0Halle\u2010Wittenberg \u00fcber \u201eV\u00f6lkerrechtliche\u00a0Antworten\u00a0auf\u00a0klimabedingte\u00a0Migration\u201c im Zuge der von Prof. Iris Eisenberger und Priv.-Doz. Konrad Lachmayer gemeinsam organisierten LTS-Lecture-Series an der Universit\u00e4t f\u00fcr &hellip;<\/p>\n","protected":false},"author":3,"featured_media":17138,"comment_status":"closed","ping_status":"closed","sticky":false,"template":"","format":"standard","meta":{"footnotes":""},"categories":[80],"tags":[],"class_list":["post-3773","post","type-post","status-publish","format-standard","has-post-thumbnail","hentry","category-vortrag"],"_links":{"self":[{"href":"https:\/\/www.lachmayer.eu\/de\/wp-json\/wp\/v2\/posts\/3773","targetHints":{"allow":["GET"]}}],"collection":[{"href":"https:\/\/www.lachmayer.eu\/de\/wp-json\/wp\/v2\/posts"}],"about":[{"href":"https:\/\/www.lachmayer.eu\/de\/wp-json\/wp\/v2\/types\/post"}],"author":[{"embeddable":true,"href":"https:\/\/www.lachmayer.eu\/de\/wp-json\/wp\/v2\/users\/3"}],"replies":[{"embeddable":true,"href":"https:\/\/www.lachmayer.eu\/de\/wp-json\/wp\/v2\/comments?post=3773"}],"version-history":[{"count":0,"href":"https:\/\/www.lachmayer.eu\/de\/wp-json\/wp\/v2\/posts\/3773\/revisions"}],"wp:featuredmedia":[{"embeddable":true,"href":"https:\/\/www.lachmayer.eu\/de\/wp-json\/wp\/v2\/media\/17138"}],"wp:attachment":[{"href":"https:\/\/www.lachmayer.eu\/de\/wp-json\/wp\/v2\/media?parent=3773"}],"wp:term":[{"taxonomy":"category","embeddable":true,"href":"https:\/\/www.lachmayer.eu\/de\/wp-json\/wp\/v2\/categories?post=3773"},{"taxonomy":"post_tag","embeddable":true,"href":"https:\/\/www.lachmayer.eu\/de\/wp-json\/wp\/v2\/tags?post=3773"}],"curies":[{"name":"wp","href":"https:\/\/api.w.org\/{rel}","templated":true}]}}