{"id":4109,"date":"2017-03-13T23:23:49","date_gmt":"2017-03-13T22:23:49","guid":{"rendered":"https:\/\/www.lachmayer.eu\/?p=4109\/"},"modified":"2021-09-27T16:13:02","modified_gmt":"2021-09-27T14:13:02","slug":"workshop-datenschutzrecht-und-bibliotheken","status":"publish","type":"post","link":"https:\/\/www.lachmayer.eu\/de\/workshop-datenschutzrecht-und-bibliotheken\/","title":{"rendered":"Workshop: Datenschutzrecht und Bibliotheken"},"content":{"rendered":"<p>Die \u00f6sterreichischen Universit\u00e4tsbibliotheken sind gefordert die europ\u00e4ische Datenschutz-Grundverordnung, die mit Mai 2018 in \u00d6sterreich unmittelbar anwendbar wird, umzusetzen.<\/p>\n<p>Konrad Lachmayer hielt am 16. M\u00e4rz 2017 als Datenschutzexperte einen\u00a0<a href=\"https:\/\/ubifo.at\/termine.html\" target=\"_blank\" rel=\"noopener\">ubifo-Workshop<\/a> zum Thema &#8222;Datenschutzrelevante Fragestellungen im bibliothekarischen Alltag\u201c ab, um nicht nur eine allgemeine Einf\u00fchrung in das neue Regelungsregime zu geben, sondern auch die spezifischen bibliotheksbezogenen Fragestellungen des Datenschutzrechts zu pr\u00e4sentieren und zu diskutieren.<\/p>\n<p>&nbsp;<\/p>\n","protected":false},"excerpt":{"rendered":"<p>Die \u00f6sterreichischen Universit\u00e4tsbibliotheken sind gefordert die europ\u00e4ische Datenschutz-Grundverordnung, die mit Mai 2018 in \u00d6sterreich unmittelbar anwendbar wird, umzusetzen. Konrad Lachmayer hielt am 16. M\u00e4rz 2017 &hellip;<\/p>\n","protected":false},"author":3,"featured_media":17108,"comment_status":"closed","ping_status":"closed","sticky":false,"template":"","format":"standard","meta":{"footnotes":""},"categories":[95],"tags":[],"class_list":["post-4109","post","type-post","status-publish","format-standard","has-post-thumbnail","hentry","category-veranstaltung"],"_links":{"self":[{"href":"https:\/\/www.lachmayer.eu\/de\/wp-json\/wp\/v2\/posts\/4109","targetHints":{"allow":["GET"]}}],"collection":[{"href":"https:\/\/www.lachmayer.eu\/de\/wp-json\/wp\/v2\/posts"}],"about":[{"href":"https:\/\/www.lachmayer.eu\/de\/wp-json\/wp\/v2\/types\/post"}],"author":[{"embeddable":true,"href":"https:\/\/www.lachmayer.eu\/de\/wp-json\/wp\/v2\/users\/3"}],"replies":[{"embeddable":true,"href":"https:\/\/www.lachmayer.eu\/de\/wp-json\/wp\/v2\/comments?post=4109"}],"version-history":[{"count":0,"href":"https:\/\/www.lachmayer.eu\/de\/wp-json\/wp\/v2\/posts\/4109\/revisions"}],"wp:featuredmedia":[{"embeddable":true,"href":"https:\/\/www.lachmayer.eu\/de\/wp-json\/wp\/v2\/media\/17108"}],"wp:attachment":[{"href":"https:\/\/www.lachmayer.eu\/de\/wp-json\/wp\/v2\/media?parent=4109"}],"wp:term":[{"taxonomy":"category","embeddable":true,"href":"https:\/\/www.lachmayer.eu\/de\/wp-json\/wp\/v2\/categories?post=4109"},{"taxonomy":"post_tag","embeddable":true,"href":"https:\/\/www.lachmayer.eu\/de\/wp-json\/wp\/v2\/tags?post=4109"}],"curies":[{"name":"wp","href":"https:\/\/api.w.org\/{rel}","templated":true}]}}