{"id":4268,"date":"2017-05-02T12:01:21","date_gmt":"2017-05-02T10:01:21","guid":{"rendered":"https:\/\/www.lachmayer.eu\/?p=4268\/"},"modified":"2023-02-24T10:49:37","modified_gmt":"2023-02-24T09:49:37","slug":"professor-fuer-oeffentliches-recht-an-der-sigmund-freud-privatuniversitaet-sfu","status":"publish","type":"post","link":"https:\/\/www.lachmayer.eu\/de\/professor-fuer-oeffentliches-recht-an-der-sigmund-freud-privatuniversitaet-sfu\/","title":{"rendered":"Professur f\u00fcr \u00d6ffentliches Recht an der Sigmund Freud PrivatUniversit\u00e4t (SFU)"},"content":{"rendered":"<p>Konrad Lachmayer ist seit 1. Mai 2017 Professor f\u00fcr \u00d6ffentliches Recht an der <a href=\"https:\/\/jus.sfu.ac.at\/de\" target=\"_blank\" rel=\"noopener noreferrer\">Sigmund Freud PrivatUniversit\u00e4t (SFU)<\/a> in Wien.<\/p>\n<p>Konrad Lachmayer verst\u00e4rkt seit Mai 2017 das Team der rechtswissenschaftlichen Fakult\u00e4t der SFU als Universit\u00e4tsprofessor. Die rechtswissenschaftliche Fakult\u00e4t der SFU befindet sich derzeit im Aufbau.<\/p>\n<p>Prof. Lachmayer wird in den Bereichen \u00d6ffentliches Recht, Europarecht und Grundlagen des Rechts in Forschung und Lehre t\u00e4tig sein.<\/p>\n<p>Die SFU bietet seit Herbst 2016 das erste rechtswissenschaftliche Studium einer Privatuniversit\u00e4t in \u00d6sterreich an.<\/p>\n","protected":false},"excerpt":{"rendered":"<p>Konrad Lachmayer ist seit 1. Mai 2017 Professor f\u00fcr \u00d6ffentliches Recht an der Sigmund Freud PrivatUniversit\u00e4t (SFU) in Wien. Konrad Lachmayer verst\u00e4rkt seit Mai 2017 &hellip;<\/p>\n","protected":false},"author":3,"featured_media":18193,"comment_status":"closed","ping_status":"closed","sticky":false,"template":"","format":"standard","meta":{"footnotes":""},"categories":[88],"tags":[],"class_list":["post-4268","post","type-post","status-publish","format-standard","has-post-thumbnail","hentry","category-lehre"],"_links":{"self":[{"href":"https:\/\/www.lachmayer.eu\/de\/wp-json\/wp\/v2\/posts\/4268","targetHints":{"allow":["GET"]}}],"collection":[{"href":"https:\/\/www.lachmayer.eu\/de\/wp-json\/wp\/v2\/posts"}],"about":[{"href":"https:\/\/www.lachmayer.eu\/de\/wp-json\/wp\/v2\/types\/post"}],"author":[{"embeddable":true,"href":"https:\/\/www.lachmayer.eu\/de\/wp-json\/wp\/v2\/users\/3"}],"replies":[{"embeddable":true,"href":"https:\/\/www.lachmayer.eu\/de\/wp-json\/wp\/v2\/comments?post=4268"}],"version-history":[{"count":1,"href":"https:\/\/www.lachmayer.eu\/de\/wp-json\/wp\/v2\/posts\/4268\/revisions"}],"predecessor-version":[{"id":18195,"href":"https:\/\/www.lachmayer.eu\/de\/wp-json\/wp\/v2\/posts\/4268\/revisions\/18195"}],"wp:featuredmedia":[{"embeddable":true,"href":"https:\/\/www.lachmayer.eu\/de\/wp-json\/wp\/v2\/media\/18193"}],"wp:attachment":[{"href":"https:\/\/www.lachmayer.eu\/de\/wp-json\/wp\/v2\/media?parent=4268"}],"wp:term":[{"taxonomy":"category","embeddable":true,"href":"https:\/\/www.lachmayer.eu\/de\/wp-json\/wp\/v2\/categories?post=4268"},{"taxonomy":"post_tag","embeddable":true,"href":"https:\/\/www.lachmayer.eu\/de\/wp-json\/wp\/v2\/tags?post=4268"}],"curies":[{"name":"wp","href":"https:\/\/api.w.org\/{rel}","templated":true}]}}