{"id":4395,"date":"2017-05-22T15:16:49","date_gmt":"2017-05-22T13:16:49","guid":{"rendered":"https:\/\/www.lachmayer.eu\/?p=4395\/"},"modified":"2021-09-27T14:53:43","modified_gmt":"2021-09-27T12:53:43","slug":"inside-law-summer-school-an-der-sfu","status":"publish","type":"post","link":"https:\/\/www.lachmayer.eu\/de\/inside-law-summer-school-an-der-sfu\/","title":{"rendered":"Inside Law Summer School an der SFU"},"content":{"rendered":"<p>Zum ersten Mal findet von Montag, 28.8.2017, bis Freitag, 1.9.2017, an der Sigmund Freud Privatuniversit\u00e4t eine einw\u00f6chige Summer School f\u00fcr alle Sch\u00fclerInnen und MaturantInnen, die mit Wintersemester 2017 oder im Jahr 2018 das Studium der Rechtswissenschaften beginnen wollen, statt. Exzellente ExpertInnen aus Wissenschaft und Praxis bieten einen ersten Einblick in die Welt der Rechtswissenschaften.<\/p>\n<p>Weitere Informationen sowie die M\u00f6glichkeit zur Anmeldung finden sich unter: <a href=\"http:\/\/www.inside-law.at\" target=\"_blank\" rel=\"noopener noreferrer\">www.inside-law.at<\/a><\/p>\n<p>Siehe auch die <a href=\"https:\/\/www.facebook.com\/Inside-Law-Summer-School-457720114577890\/\" target=\"_blank\" rel=\"noopener noreferrer\">Facebook-Seite <\/a>der Inside Law Summer School.<\/p>\n","protected":false},"excerpt":{"rendered":"<p>Zum ersten Mal findet von Montag, 28.8.2017, bis Freitag, 1.9.2017, an der Sigmund Freud Privatuniversit\u00e4t eine einw\u00f6chige Summer School f\u00fcr alle Sch\u00fclerInnen und MaturantInnen, die &hellip;<\/p>\n","protected":false},"author":3,"featured_media":17090,"comment_status":"closed","ping_status":"closed","sticky":false,"template":"","format":"standard","meta":{"footnotes":""},"categories":[88],"tags":[],"class_list":["post-4395","post","type-post","status-publish","format-standard","has-post-thumbnail","hentry","category-lehre"],"_links":{"self":[{"href":"https:\/\/www.lachmayer.eu\/de\/wp-json\/wp\/v2\/posts\/4395","targetHints":{"allow":["GET"]}}],"collection":[{"href":"https:\/\/www.lachmayer.eu\/de\/wp-json\/wp\/v2\/posts"}],"about":[{"href":"https:\/\/www.lachmayer.eu\/de\/wp-json\/wp\/v2\/types\/post"}],"author":[{"embeddable":true,"href":"https:\/\/www.lachmayer.eu\/de\/wp-json\/wp\/v2\/users\/3"}],"replies":[{"embeddable":true,"href":"https:\/\/www.lachmayer.eu\/de\/wp-json\/wp\/v2\/comments?post=4395"}],"version-history":[{"count":0,"href":"https:\/\/www.lachmayer.eu\/de\/wp-json\/wp\/v2\/posts\/4395\/revisions"}],"wp:featuredmedia":[{"embeddable":true,"href":"https:\/\/www.lachmayer.eu\/de\/wp-json\/wp\/v2\/media\/17090"}],"wp:attachment":[{"href":"https:\/\/www.lachmayer.eu\/de\/wp-json\/wp\/v2\/media?parent=4395"}],"wp:term":[{"taxonomy":"category","embeddable":true,"href":"https:\/\/www.lachmayer.eu\/de\/wp-json\/wp\/v2\/categories?post=4395"},{"taxonomy":"post_tag","embeddable":true,"href":"https:\/\/www.lachmayer.eu\/de\/wp-json\/wp\/v2\/tags?post=4395"}],"curies":[{"name":"wp","href":"https:\/\/api.w.org\/{rel}","templated":true}]}}