{"id":4399,"date":"2017-05-22T10:26:33","date_gmt":"2017-05-22T08:26:33","guid":{"rendered":"https:\/\/www.lachmayer.eu\/?p=4399\/"},"modified":"2021-09-27T14:54:18","modified_gmt":"2021-09-27T12:54:18","slug":"vortrag-datenschutzrechtliche-herausforderungen-fuer-die-oeffentliche-verwaltung","status":"publish","type":"post","link":"https:\/\/www.lachmayer.eu\/de\/vortrag-datenschutzrechtliche-herausforderungen-fuer-die-oeffentliche-verwaltung\/","title":{"rendered":"Vortrag: Datenschutzrechtliche Herausforderungen f\u00fcr die \u00f6ffentliche Verwaltung"},"content":{"rendered":"<p>Konrad Lachmayer hielt am 22. Mai 2017 als Experte f\u00fcr Datenschutzrecht einen Vortrag \u00fcber &#8222;Datenschutzrechtliche Herausforderungen f\u00fcr die \u00f6ffentliche Verwaltung. Perspektiven auf die EU-Datenschutz-Grundverordnung&#8220; vor dem Datenschutzrat im Parlament.<\/p>\n<p>&nbsp;<\/p>\n<p>&nbsp;<\/p>\n","protected":false},"excerpt":{"rendered":"<p>Konrad Lachmayer hielt am 22. Mai 2017 als Experte f\u00fcr Datenschutzrecht einen Vortrag \u00fcber &#8222;Datenschutzrechtliche Herausforderungen f\u00fcr die \u00f6ffentliche Verwaltung. Perspektiven auf die EU-Datenschutz-Grundverordnung&#8220; vor &hellip;<\/p>\n","protected":false},"author":3,"featured_media":17089,"comment_status":"closed","ping_status":"closed","sticky":false,"template":"","format":"standard","meta":{"footnotes":""},"categories":[80],"tags":[],"class_list":["post-4399","post","type-post","status-publish","format-standard","has-post-thumbnail","hentry","category-vortrag"],"_links":{"self":[{"href":"https:\/\/www.lachmayer.eu\/de\/wp-json\/wp\/v2\/posts\/4399","targetHints":{"allow":["GET"]}}],"collection":[{"href":"https:\/\/www.lachmayer.eu\/de\/wp-json\/wp\/v2\/posts"}],"about":[{"href":"https:\/\/www.lachmayer.eu\/de\/wp-json\/wp\/v2\/types\/post"}],"author":[{"embeddable":true,"href":"https:\/\/www.lachmayer.eu\/de\/wp-json\/wp\/v2\/users\/3"}],"replies":[{"embeddable":true,"href":"https:\/\/www.lachmayer.eu\/de\/wp-json\/wp\/v2\/comments?post=4399"}],"version-history":[{"count":0,"href":"https:\/\/www.lachmayer.eu\/de\/wp-json\/wp\/v2\/posts\/4399\/revisions"}],"wp:featuredmedia":[{"embeddable":true,"href":"https:\/\/www.lachmayer.eu\/de\/wp-json\/wp\/v2\/media\/17089"}],"wp:attachment":[{"href":"https:\/\/www.lachmayer.eu\/de\/wp-json\/wp\/v2\/media?parent=4399"}],"wp:term":[{"taxonomy":"category","embeddable":true,"href":"https:\/\/www.lachmayer.eu\/de\/wp-json\/wp\/v2\/categories?post=4399"},{"taxonomy":"post_tag","embeddable":true,"href":"https:\/\/www.lachmayer.eu\/de\/wp-json\/wp\/v2\/tags?post=4399"}],"curies":[{"name":"wp","href":"https:\/\/api.w.org\/{rel}","templated":true}]}}