{"id":4448,"date":"2017-06-06T21:19:35","date_gmt":"2017-06-06T19:19:35","guid":{"rendered":"https:\/\/www.lachmayer.eu\/?p=4448\/"},"modified":"2021-09-27T14:53:12","modified_gmt":"2021-09-27T12:53:12","slug":"vortragsreihe-zur-eu-datenschutz-grundverordnung","status":"publish","type":"post","link":"https:\/\/www.lachmayer.eu\/de\/vortragsreihe-zur-eu-datenschutz-grundverordnung\/","title":{"rendered":"Vortragsreihe zur EU Datenschutz-Grundverordnung"},"content":{"rendered":"<p>In Kooperation mit der comm-IT EDV GmbH h\u00e4lt Konrad Lachmayer als Datenschutzexperte regelm\u00e4\u00dfig Vortr\u00e4ge zu den rechtlichen Herausforderungen der europ\u00e4ischen Datenschutz Grundverordnung.<\/p>\n<p>Am 20.6.2017 findet die zweite Veranstaltung zum Thema \u201eEurop\u00e4ische Datenschutz-Grundverordnung\u201c statt.<\/p>\n<p>Ort: INiTS \u2013 Universit\u00e4res Gr\u00fcnderservice Wien GmbH,\u00a0 Maria-Jacobi-Gasse 1, 1030 Wien<\/p>\n<p><!--more--><\/p>\n<p>Mit 28. Mai 2018 tritt die Datenschutz Grundverordnung in Kraft. In \u00d6sterreich liegt seit 12. Mai das Datenschutz-Anpassungsgesetz 2018 zur Begutachtung im Nationalrat auf.\u00a0 Eine Entscheidung wird bis 23. Juni erwartet.<\/p>\n<p>Die Kosten f\u00fcr den Vortrag sind EUR 150,- exkl. 20% Mwst<\/p>\n<h4>Programm<\/h4>\n<p>Vortragender: Univ.-Prof. Dr. Konrad Lachmayer<br \/>\n9-10:15<br \/>\nRechtliche Inhalte der EU-Datenschutz-Grundverordnung (DSG Verordnung (EU) 2016\/679)<br \/>\nErl\u00e4uterungen zum Datenschutz-Anpassungsgesetz 2018<\/p>\n<p>Vortragender: Karl Pusch, externer Datenschutzbeauftragter nach EU-DSGVO\/BDSG und Roman Schiller Datenschutzbeauftragter nach DSGVO\/BDSG<br \/>\n10:30-12:00<br \/>\nBeschreibung des Verfahrensverzeichnis sowie der Datenschutz-Folgeabsch\u00e4tzung<br \/>\nMa\u00dfnahmen nach ISO 27001\/27002 um Rechtskonformit\u00e4t nach Artikel 32 der EU-DSGVO zu erlangen<br \/>\nPraxisnahe Beispiele und technische organisatorische Umsetzungsm\u00f6glichkeiten<\/p>\n<p>12:00-12:30<br \/>\nOffene Diskussion<\/p>\n<p>12:30-13:00<br \/>\nDirekte Gespr\u00e4che mit den Vortragenden inkl. Verpflegung<\/p>\n<p>&nbsp;<\/p>\n<p><a href=\"https:\/\/www.xing.com\/events\/praxisnaher-vortrag-datenschutz-grundverordnung-dsgvo-1822697\" target=\"_blank\" rel=\"noopener noreferrer\">Anmeldung<\/a><\/p>\n","protected":false},"excerpt":{"rendered":"<p>In Kooperation mit der comm-IT EDV GmbH h\u00e4lt Konrad Lachmayer als Datenschutzexperte regelm\u00e4\u00dfig Vortr\u00e4ge zu den rechtlichen Herausforderungen der europ\u00e4ischen Datenschutz Grundverordnung. Am 20.6.2017 findet &hellip;<\/p>\n","protected":false},"author":3,"featured_media":16933,"comment_status":"closed","ping_status":"closed","sticky":false,"template":"","format":"standard","meta":{"footnotes":""},"categories":[95],"tags":[],"class_list":["post-4448","post","type-post","status-publish","format-standard","has-post-thumbnail","hentry","category-veranstaltung"],"_links":{"self":[{"href":"https:\/\/www.lachmayer.eu\/de\/wp-json\/wp\/v2\/posts\/4448","targetHints":{"allow":["GET"]}}],"collection":[{"href":"https:\/\/www.lachmayer.eu\/de\/wp-json\/wp\/v2\/posts"}],"about":[{"href":"https:\/\/www.lachmayer.eu\/de\/wp-json\/wp\/v2\/types\/post"}],"author":[{"embeddable":true,"href":"https:\/\/www.lachmayer.eu\/de\/wp-json\/wp\/v2\/users\/3"}],"replies":[{"embeddable":true,"href":"https:\/\/www.lachmayer.eu\/de\/wp-json\/wp\/v2\/comments?post=4448"}],"version-history":[{"count":0,"href":"https:\/\/www.lachmayer.eu\/de\/wp-json\/wp\/v2\/posts\/4448\/revisions"}],"wp:featuredmedia":[{"embeddable":true,"href":"https:\/\/www.lachmayer.eu\/de\/wp-json\/wp\/v2\/media\/16933"}],"wp:attachment":[{"href":"https:\/\/www.lachmayer.eu\/de\/wp-json\/wp\/v2\/media?parent=4448"}],"wp:term":[{"taxonomy":"category","embeddable":true,"href":"https:\/\/www.lachmayer.eu\/de\/wp-json\/wp\/v2\/categories?post=4448"},{"taxonomy":"post_tag","embeddable":true,"href":"https:\/\/www.lachmayer.eu\/de\/wp-json\/wp\/v2\/tags?post=4448"}],"curies":[{"name":"wp","href":"https:\/\/api.w.org\/{rel}","templated":true}]}}