{"id":4830,"date":"2017-12-18T20:15:18","date_gmt":"2017-12-18T19:15:18","guid":{"rendered":"https:\/\/www.lachmayer.eu\/?p=4830"},"modified":"2021-09-27T11:18:39","modified_gmt":"2021-09-27T09:18:39","slug":"vortrag-grundlagen-der-dsgvo","status":"publish","type":"post","link":"https:\/\/www.lachmayer.eu\/de\/vortrag-grundlagen-der-dsgvo\/","title":{"rendered":"Vortrag: Grundlagen der DSGVO"},"content":{"rendered":"<p>Im Rahmen der vom Institut f\u00fcr Rechtswissenschaft und Rechtspraxis der Universit\u00e4t St. Gallen organisierten Tagung &#8222;Europ\u00e4ische Datenschutzverordnung (DSGVO)&#8220; referierte Konrad Lachmayer \u00fcber die &#8222;Grundlagen der DSGVO&#8220;.<\/p>\n<p>Dienstag, 12. Dezember 2017<br \/>\nSwiss\u00f4tel, Z\u00fcrich<\/p>\n<p><!--more-->Per 25. Mai 2018 wird die europ\u00e4ische Datenschutzverordnung (DSGVO) in Kraft treten. Diese wird auch auf Schweizer Unternehmen direkte Auswirkungen haben, insbesondere wenn ein Unternehmen Dienstleistungen in der EU anbietet. Auch bei Profiling von EU-B\u00fcrgern ist die DSGVO anwendbar.<\/p>\n<p><a href=\"https:\/\/www.lachmayer.eu\/wp-content\/uploads\/2017\/12\/DSGVO-Programm-der-Uni-St.-Gallen.pdf\" target=\"_blank\" rel=\"noopener\">DSGVO Programm<\/a><\/p>\n<p>&nbsp;<\/p>\n","protected":false},"excerpt":{"rendered":"<p>Im Rahmen der vom Institut f\u00fcr Rechtswissenschaft und Rechtspraxis der Universit\u00e4t St. Gallen organisierten Tagung &#8222;Europ\u00e4ische Datenschutzverordnung (DSGVO)&#8220; referierte Konrad Lachmayer \u00fcber die &#8222;Grundlagen der &hellip;<\/p>\n","protected":false},"author":3,"featured_media":17052,"comment_status":"closed","ping_status":"closed","sticky":false,"template":"","format":"standard","meta":{"footnotes":""},"categories":[80],"tags":[],"class_list":["post-4830","post","type-post","status-publish","format-standard","has-post-thumbnail","hentry","category-vortrag"],"_links":{"self":[{"href":"https:\/\/www.lachmayer.eu\/de\/wp-json\/wp\/v2\/posts\/4830","targetHints":{"allow":["GET"]}}],"collection":[{"href":"https:\/\/www.lachmayer.eu\/de\/wp-json\/wp\/v2\/posts"}],"about":[{"href":"https:\/\/www.lachmayer.eu\/de\/wp-json\/wp\/v2\/types\/post"}],"author":[{"embeddable":true,"href":"https:\/\/www.lachmayer.eu\/de\/wp-json\/wp\/v2\/users\/3"}],"replies":[{"embeddable":true,"href":"https:\/\/www.lachmayer.eu\/de\/wp-json\/wp\/v2\/comments?post=4830"}],"version-history":[{"count":0,"href":"https:\/\/www.lachmayer.eu\/de\/wp-json\/wp\/v2\/posts\/4830\/revisions"}],"wp:featuredmedia":[{"embeddable":true,"href":"https:\/\/www.lachmayer.eu\/de\/wp-json\/wp\/v2\/media\/17052"}],"wp:attachment":[{"href":"https:\/\/www.lachmayer.eu\/de\/wp-json\/wp\/v2\/media?parent=4830"}],"wp:term":[{"taxonomy":"category","embeddable":true,"href":"https:\/\/www.lachmayer.eu\/de\/wp-json\/wp\/v2\/categories?post=4830"},{"taxonomy":"post_tag","embeddable":true,"href":"https:\/\/www.lachmayer.eu\/de\/wp-json\/wp\/v2\/tags?post=4830"}],"curies":[{"name":"wp","href":"https:\/\/api.w.org\/{rel}","templated":true}]}}