{"id":4896,"date":"2018-01-30T19:18:29","date_gmt":"2018-01-30T18:18:29","guid":{"rendered":"https:\/\/www.lachmayer.eu\/?p=4896"},"modified":"2021-09-27T10:59:34","modified_gmt":"2021-09-27T08:59:34","slug":"vortrag-datenschutz-in-der-universitaeren-lehre","status":"publish","type":"post","link":"https:\/\/www.lachmayer.eu\/de\/vortrag-datenschutz-in-der-universitaeren-lehre\/","title":{"rendered":"Vortrag: Datenschutz in der universit\u00e4ren Lehre"},"content":{"rendered":"<p>Am 26. J\u00e4nner 2018\u00a0 hielt Konrad Lachmayer auf der Konferenz zum Thema \u201eUniversit\u00e4ten \u2013 Forschung \u2013 Datenschutz: Was bringt die DSGVO f\u00fcr Forschung, Lehre und Verwaltung?\u201c an der Universit\u00e4t f\u00fcr Bodenkultur zwei Vortr\u00e4ge zum Thema Datenschutz:<\/p>\n<ul>\n<li><a href=\"https:\/\/www.lachmayer.eu\/wp-content\/uploads\/2018\/01\/Konrad_Lachmayer_Einleitung_in_die_DSGVO.pdf\" target=\"_blank\" rel=\"noopener\">Einleitung in die DSGVO<\/a><\/li>\n<li><a href=\"https:\/\/www.lachmayer.eu\/wp-content\/uploads\/2018\/01\/Konrad_Lachmayer_Universitaere_Lehre.pdf\" target=\"_blank\" rel=\"noopener\">Datenschutz in der universit\u00e4ren Lehre<\/a><\/li>\n<\/ul>\n<p><!--more--><a href=\"https:\/\/www.lachmayer.eu\/wp-content\/uploads\/2018\/01\/Programm-DSGVO.pdf\" target=\"_blank\" rel=\"noopener\">Programm DSGVO<\/a><\/p>\n<p>Weitere Informationen finden Sie unter <a href=\"http:\/\/www.wiso.boku.ac.at\/law\/forschung\/veranstaltungen\/konferenz-universitaeten-forschung-datenschutz\/\" target=\"_blank\" rel=\"noopener\">&#8222;Konferenz &#8211; Universit\u00e4ten, Forschung, Datenschutz&#8220;<\/a><\/p>\n<p>&nbsp;<\/p>\n<p>&nbsp;<\/p>\n","protected":false},"excerpt":{"rendered":"<p>Am 26. J\u00e4nner 2018\u00a0 hielt Konrad Lachmayer auf der Konferenz zum Thema \u201eUniversit\u00e4ten \u2013 Forschung \u2013 Datenschutz: Was bringt die DSGVO f\u00fcr Forschung, Lehre und &hellip;<\/p>\n","protected":false},"author":3,"featured_media":17043,"comment_status":"closed","ping_status":"closed","sticky":false,"template":"","format":"standard","meta":{"footnotes":""},"categories":[80],"tags":[],"class_list":["post-4896","post","type-post","status-publish","format-standard","has-post-thumbnail","hentry","category-vortrag"],"_links":{"self":[{"href":"https:\/\/www.lachmayer.eu\/de\/wp-json\/wp\/v2\/posts\/4896","targetHints":{"allow":["GET"]}}],"collection":[{"href":"https:\/\/www.lachmayer.eu\/de\/wp-json\/wp\/v2\/posts"}],"about":[{"href":"https:\/\/www.lachmayer.eu\/de\/wp-json\/wp\/v2\/types\/post"}],"author":[{"embeddable":true,"href":"https:\/\/www.lachmayer.eu\/de\/wp-json\/wp\/v2\/users\/3"}],"replies":[{"embeddable":true,"href":"https:\/\/www.lachmayer.eu\/de\/wp-json\/wp\/v2\/comments?post=4896"}],"version-history":[{"count":0,"href":"https:\/\/www.lachmayer.eu\/de\/wp-json\/wp\/v2\/posts\/4896\/revisions"}],"wp:featuredmedia":[{"embeddable":true,"href":"https:\/\/www.lachmayer.eu\/de\/wp-json\/wp\/v2\/media\/17043"}],"wp:attachment":[{"href":"https:\/\/www.lachmayer.eu\/de\/wp-json\/wp\/v2\/media?parent=4896"}],"wp:term":[{"taxonomy":"category","embeddable":true,"href":"https:\/\/www.lachmayer.eu\/de\/wp-json\/wp\/v2\/categories?post=4896"},{"taxonomy":"post_tag","embeddable":true,"href":"https:\/\/www.lachmayer.eu\/de\/wp-json\/wp\/v2\/tags?post=4896"}],"curies":[{"name":"wp","href":"https:\/\/api.w.org\/{rel}","templated":true}]}}