{"id":4905,"date":"2018-03-01T14:50:40","date_gmt":"2018-03-01T13:50:40","guid":{"rendered":"https:\/\/www.lachmayer.eu\/?p=4905"},"modified":"2023-02-24T14:22:23","modified_gmt":"2023-02-24T13:22:23","slug":"just-published-die-dsgvo-im-oeffentlichen-bereich","status":"publish","type":"post","link":"https:\/\/www.lachmayer.eu\/de\/just-published-die-dsgvo-im-oeffentlichen-bereich\/","title":{"rendered":"Just published \u2013 Die DSGVO im \u00f6ffentlichen Bereich"},"content":{"rendered":"<p>Konrad Lachmayer verfasste in der vom Manz Verlag herausgegebenen <a href=\"https:\/\/www.manz.at\/Zeitschriften\/0029-9251\/2018\/03.html\" target=\"_blank\" rel=\"noopener\">\u00d6sterreichischen Juristenzeitung<\/a> einen Beitrag \u00fcber &#8222;Die DSGVO im \u00f6ffentlichen Bereich. Europarechtliche Vorgaben an die staatliche Verwaltung&#8220;.<\/p>\n<p>Die DSGVO ver\u00e4ndert die datenschutzrechtlichen Rahmenbedingungen in \u00d6ster\u00adreich fundamental. Sie betrifft nicht nur private Unternehmen, sondern auch die \u00f6ffentliche Verwaltung.<\/p>\n<p><!--more-->Dabei stellen sich grundlegende Fragen zum Begriff des Verantwortlichen, zum Datenschutzbeauftragten sowie zu den datenschutzrechtli\u00adchen Verpflichtungen f\u00fcr die Verwaltung. Das Datenschutzanpassungsgesetz 2018 nimmt einige Konkretisierungen vor, l\u00e4sst aber auch Fragen offen.<\/p>\n<p><a href=\"https:\/\/www.lachmayer.eu\/de\/downloads\/\">Download des Artikels<\/a><\/p>\n","protected":false},"excerpt":{"rendered":"<p>Konrad Lachmayer verfasste in der vom Manz Verlag herausgegebenen \u00d6sterreichischen Juristenzeitung einen Beitrag \u00fcber &#8222;Die DSGVO im \u00f6ffentlichen Bereich. Europarechtliche Vorgaben an die staatliche Verwaltung&#8220;. &hellip;<\/p>\n","protected":false},"author":3,"featured_media":18264,"comment_status":"closed","ping_status":"closed","sticky":false,"template":"","format":"standard","meta":{"footnotes":""},"categories":[74],"tags":[],"class_list":["post-4905","post","type-post","status-publish","format-standard","has-post-thumbnail","hentry","category-just-published"],"_links":{"self":[{"href":"https:\/\/www.lachmayer.eu\/de\/wp-json\/wp\/v2\/posts\/4905","targetHints":{"allow":["GET"]}}],"collection":[{"href":"https:\/\/www.lachmayer.eu\/de\/wp-json\/wp\/v2\/posts"}],"about":[{"href":"https:\/\/www.lachmayer.eu\/de\/wp-json\/wp\/v2\/types\/post"}],"author":[{"embeddable":true,"href":"https:\/\/www.lachmayer.eu\/de\/wp-json\/wp\/v2\/users\/3"}],"replies":[{"embeddable":true,"href":"https:\/\/www.lachmayer.eu\/de\/wp-json\/wp\/v2\/comments?post=4905"}],"version-history":[{"count":1,"href":"https:\/\/www.lachmayer.eu\/de\/wp-json\/wp\/v2\/posts\/4905\/revisions"}],"predecessor-version":[{"id":18267,"href":"https:\/\/www.lachmayer.eu\/de\/wp-json\/wp\/v2\/posts\/4905\/revisions\/18267"}],"wp:featuredmedia":[{"embeddable":true,"href":"https:\/\/www.lachmayer.eu\/de\/wp-json\/wp\/v2\/media\/18264"}],"wp:attachment":[{"href":"https:\/\/www.lachmayer.eu\/de\/wp-json\/wp\/v2\/media?parent=4905"}],"wp:term":[{"taxonomy":"category","embeddable":true,"href":"https:\/\/www.lachmayer.eu\/de\/wp-json\/wp\/v2\/categories?post=4905"},{"taxonomy":"post_tag","embeddable":true,"href":"https:\/\/www.lachmayer.eu\/de\/wp-json\/wp\/v2\/tags?post=4905"}],"curies":[{"name":"wp","href":"https:\/\/api.w.org\/{rel}","templated":true}]}}