{"id":5127,"date":"2018-06-04T05:19:59","date_gmt":"2018-06-04T03:19:59","guid":{"rendered":"https:\/\/www.lachmayer.eu\/?p=5127"},"modified":"2023-02-24T14:18:08","modified_gmt":"2023-02-24T13:18:08","slug":"just-published-die-dsgvo-im-privaten-bereich","status":"publish","type":"post","link":"https:\/\/www.lachmayer.eu\/de\/just-published-die-dsgvo-im-privaten-bereich\/","title":{"rendered":"Just published \u2013 Die DSGVO im privaten Bereich"},"content":{"rendered":"<p>Konrad Lachmayer verfasste in der vom Manz Verlag herausgegebenen <a href=\"https:\/\/www.manz.at\/Zeitschriften\/0029-9251\/2018\/03.html\" target=\"_blank\" rel=\"noopener\">\u00d6sterreichischen Juristenzeitung<\/a> einen Beitrag \u00fcber &#8222;Die DSGVO im privaten Bereich. Europarechtliche Vorgaben an die staatliche Verwaltung&#8220;.<\/p>\n<p>Die DSGVO ver\u00e4ndert die datenschutzrechtlichen Rahmenbedingungen und betrifft dabei zentral private Unternehmen. Grundlegende Fragen stellen sich zu den Pflichten der datenschutzrechtlich Verantwortlichen in den Unternehmen ebenso \u2026.<\/p>\n<p><!--more-->wie zum One-Stop-Shop-Prinzip f\u00fcr Unternehmen. Das Datenschutzanpassungsgesetz 2018 schafft dar\u00fcber hinaus (wenige) \u00f6sterreichische Spezifika.<\/p>\n<p><a href=\"https:\/\/www.lachmayer.eu\/de\/downloads\/\">Download des Artikels<\/a><\/p>\n","protected":false},"excerpt":{"rendered":"<p>Konrad Lachmayer verfasste in der vom Manz Verlag herausgegebenen \u00d6sterreichischen Juristenzeitung einen Beitrag \u00fcber &#8222;Die DSGVO im privaten Bereich. Europarechtliche Vorgaben an die staatliche Verwaltung&#8220;. &hellip;<\/p>\n","protected":false},"author":3,"featured_media":18264,"comment_status":"closed","ping_status":"closed","sticky":false,"template":"","format":"standard","meta":{"footnotes":""},"categories":[74],"tags":[],"class_list":["post-5127","post","type-post","status-publish","format-standard","has-post-thumbnail","hentry","category-just-published"],"_links":{"self":[{"href":"https:\/\/www.lachmayer.eu\/de\/wp-json\/wp\/v2\/posts\/5127","targetHints":{"allow":["GET"]}}],"collection":[{"href":"https:\/\/www.lachmayer.eu\/de\/wp-json\/wp\/v2\/posts"}],"about":[{"href":"https:\/\/www.lachmayer.eu\/de\/wp-json\/wp\/v2\/types\/post"}],"author":[{"embeddable":true,"href":"https:\/\/www.lachmayer.eu\/de\/wp-json\/wp\/v2\/users\/3"}],"replies":[{"embeddable":true,"href":"https:\/\/www.lachmayer.eu\/de\/wp-json\/wp\/v2\/comments?post=5127"}],"version-history":[{"count":1,"href":"https:\/\/www.lachmayer.eu\/de\/wp-json\/wp\/v2\/posts\/5127\/revisions"}],"predecessor-version":[{"id":18266,"href":"https:\/\/www.lachmayer.eu\/de\/wp-json\/wp\/v2\/posts\/5127\/revisions\/18266"}],"wp:featuredmedia":[{"embeddable":true,"href":"https:\/\/www.lachmayer.eu\/de\/wp-json\/wp\/v2\/media\/18264"}],"wp:attachment":[{"href":"https:\/\/www.lachmayer.eu\/de\/wp-json\/wp\/v2\/media?parent=5127"}],"wp:term":[{"taxonomy":"category","embeddable":true,"href":"https:\/\/www.lachmayer.eu\/de\/wp-json\/wp\/v2\/categories?post=5127"},{"taxonomy":"post_tag","embeddable":true,"href":"https:\/\/www.lachmayer.eu\/de\/wp-json\/wp\/v2\/tags?post=5127"}],"curies":[{"name":"wp","href":"https:\/\/api.w.org\/{rel}","templated":true}]}}