{"id":5180,"date":"2018-06-27T21:59:43","date_gmt":"2018-06-27T19:59:43","guid":{"rendered":"https:\/\/www.lachmayer.eu\/?p=5180"},"modified":"2023-02-24T14:15:40","modified_gmt":"2023-02-24T13:15:40","slug":"ars-docendi-shortlist-nominierung","status":"publish","type":"post","link":"https:\/\/www.lachmayer.eu\/de\/ars-docendi-shortlist-nominierung\/","title":{"rendered":"Ars Docendi Shortlist Nominierung"},"content":{"rendered":"<p>Das Proseminar <a href=\"https:\/\/www.wasistrecht.at\/\" target=\"_blank\" rel=\"noopener\">\u201eWas ist Recht? \u2013 Einf\u00fchrung in das Rechtsdenken\u201c<\/a> von Univ.-Prof. (SFU) Dr. Konrad Lachmayer wurde f\u00fcr den <a href=\"http:\/\/www.gutelehre.at\/lehre-detail\/?tx_bmwfwlehre_pi1%5Bproject%5D=735&amp;tx_bmwfwlehre_pi1%5Bcontroller%5D=Project&amp;tx_bmwfwlehre_pi1%5Baction%5D=detail&amp;cHash=5bb2cfd4a42e04b5974ea2e287380499\" target=\"_blank\" rel=\"noopener\">Ars Docendi Staatspreises f\u00fcr exzellente Lehre 2018<\/a> in der Kategorie &#8222;Forschungs- und kunstgeleitete Lehre, insbesondere die F\u00f6rderung von kritischem Denken, Dialogorientierung, Methodenkompetenz&#8220; mit einer Shortlist-Nominierung ausgezeichnet.<\/p>\n<p><!--more--><\/p>\n<p>Das Proseminar \u201eEinf\u00fchrung in das Rechtsdenken\u201c fand im WiSe 2017\/18 im ersten Semester des Bachelorstudiums Rechtswissenschaft an der Sigmund Freud Privatuniversit\u00e4t (SFU) in Wien statt. Inhaltlich bot die Lehrveranstaltung unterschiedliche Perspektiven auf das rechtliche Denken, ausgehend von klassisch juristischen Denken in Form von Interpretation und Subsumtion wurde das rechtliche Denken als Fall- und Verfahrensdenken (praxisorientiert) aber auch als vergleichendes, interdisziplin\u00e4res und philosophisches Denken (wissenschaftlich) von den Studierenden erarbeitet. Forschungsbasiert wurden interaktive \u00dcbungen und Gruppenarbeiten durchgef\u00fchrt und die Studierenden dar\u00fcber hinaus an die wissenschaftliche Forschung herangef\u00fchrt (integrierte Forschungsbasierung am Studienanfang). Das erlernte Wissen wurde schlie\u00dflich in Form einer Ausstellung an der SFU f\u00fcr die Allgemeinheit aufbereitet und den Studierende durch die Transformation des Wissens f\u00fcr die Gesellschaft eine neue Form des Lernens in den Rechtswissenschaften (\u201eThird Mission\u201c- Lehre) erm\u00f6glicht.<\/p>\n<p>Die Ergebnisse der Ausstellung werden auf der Website (<a href=\"http:\/\/www.wasistrecht.at\" target=\"_blank\" rel=\"noopener\">www.wasistrecht.at<\/a>) der Allgemeinheit zur Verf\u00fcgung gestellt. \u00dcber die Vielfalt des rechtlichen Denkens hinaus konnten die Studierenden Basisfertigkeiten der juristischen Sprache, Kommunikationstechniken mit Nicht-Jurist\/innen, rechtswissenschaftliche Forschungskompetenzen, insbesondere im Bereich Methodik sowie F\u00e4higkeiten der Visualisierung rechtlicher Inhalte erlernen.<\/p>\n<p><a href=\"http:\/\/www.gutelehre.at\/lehre-detail\/?tx_bmwfwlehre_pi1%5Bproject%5D=735&amp;tx_bmwfwlehre_pi1%5Bcontroller%5D=Project&amp;tx_bmwfwlehre_pi1%5Baction%5D=detail&amp;cHash=5bb2cfd4a42e04b5974ea2e287380499\" target=\"_blank\" rel=\"noopener\">Website\u00a0<\/a><\/p>\n","protected":false},"excerpt":{"rendered":"<p>Das Proseminar \u201eWas ist Recht? \u2013 Einf\u00fchrung in das Rechtsdenken\u201c von Univ.-Prof. (SFU) Dr. Konrad Lachmayer wurde f\u00fcr den Ars Docendi Staatspreises f\u00fcr exzellente Lehre &hellip;<\/p>\n","protected":false},"author":3,"featured_media":18260,"comment_status":"closed","ping_status":"closed","sticky":false,"template":"","format":"standard","meta":{"footnotes":""},"categories":[88],"tags":[],"class_list":["post-5180","post","type-post","status-publish","format-standard","has-post-thumbnail","hentry","category-lehre"],"_links":{"self":[{"href":"https:\/\/www.lachmayer.eu\/de\/wp-json\/wp\/v2\/posts\/5180","targetHints":{"allow":["GET"]}}],"collection":[{"href":"https:\/\/www.lachmayer.eu\/de\/wp-json\/wp\/v2\/posts"}],"about":[{"href":"https:\/\/www.lachmayer.eu\/de\/wp-json\/wp\/v2\/types\/post"}],"author":[{"embeddable":true,"href":"https:\/\/www.lachmayer.eu\/de\/wp-json\/wp\/v2\/users\/3"}],"replies":[{"embeddable":true,"href":"https:\/\/www.lachmayer.eu\/de\/wp-json\/wp\/v2\/comments?post=5180"}],"version-history":[{"count":1,"href":"https:\/\/www.lachmayer.eu\/de\/wp-json\/wp\/v2\/posts\/5180\/revisions"}],"predecessor-version":[{"id":18263,"href":"https:\/\/www.lachmayer.eu\/de\/wp-json\/wp\/v2\/posts\/5180\/revisions\/18263"}],"wp:featuredmedia":[{"embeddable":true,"href":"https:\/\/www.lachmayer.eu\/de\/wp-json\/wp\/v2\/media\/18260"}],"wp:attachment":[{"href":"https:\/\/www.lachmayer.eu\/de\/wp-json\/wp\/v2\/media?parent=5180"}],"wp:term":[{"taxonomy":"category","embeddable":true,"href":"https:\/\/www.lachmayer.eu\/de\/wp-json\/wp\/v2\/categories?post=5180"},{"taxonomy":"post_tag","embeddable":true,"href":"https:\/\/www.lachmayer.eu\/de\/wp-json\/wp\/v2\/tags?post=5180"}],"curies":[{"name":"wp","href":"https:\/\/api.w.org\/{rel}","templated":true}]}}