{"id":5755,"date":"2018-09-12T20:58:32","date_gmt":"2018-09-12T18:58:32","guid":{"rendered":"https:\/\/www.lachmayer.eu\/?p=5755"},"modified":"2021-09-26T20:09:21","modified_gmt":"2021-09-26T18:09:21","slug":"vortrag-datenschutz-im-rahmen-von-privatuniversitaeten","status":"publish","type":"post","link":"https:\/\/www.lachmayer.eu\/de\/vortrag-datenschutz-im-rahmen-von-privatuniversitaeten\/","title":{"rendered":"Vortrag: Datenschutz im Rahmen von Privatuniversit\u00e4ten"},"content":{"rendered":"<p>Konrad Lachmayer hielt als Datenschutzexperte im Rahmen der <a href=\"https:\/\/oepuk.ac.at\/\" target=\"_blank\" rel=\"noopener\">\u00d6sterreichischen Privatuniversit\u00e4tenkonferenz<\/a> einen Vortrag \u00fcber &#8222;Datenschutz im Rahmen von Privatuniversit\u00e4ten\u201c an der<a href=\"https:\/\/www.kl.ac.at\/\" target=\"_blank\" rel=\"noopener\"> Karl Landsteiner Privatuniversit\u00e4t<\/a>.<\/p>\n<p>Zeit:\u00a0 11. September 2018<br \/>\nOrt:\u00a0 Karl Landsteiner Privatuniversit\u00e4t, Krems<\/p>\n","protected":false},"excerpt":{"rendered":"<p>Konrad Lachmayer hielt als Datenschutzexperte im Rahmen der \u00d6sterreichischen Privatuniversit\u00e4tenkonferenz einen Vortrag \u00fcber &#8222;Datenschutz im Rahmen von Privatuniversit\u00e4ten\u201c an der Karl Landsteiner Privatuniversit\u00e4t. Zeit:\u00a0 11. &hellip;<\/p>\n","protected":false},"author":3,"featured_media":16977,"comment_status":"closed","ping_status":"closed","sticky":false,"template":"","format":"standard","meta":{"footnotes":""},"categories":[80],"tags":[],"class_list":["post-5755","post","type-post","status-publish","format-standard","has-post-thumbnail","hentry","category-vortrag"],"_links":{"self":[{"href":"https:\/\/www.lachmayer.eu\/de\/wp-json\/wp\/v2\/posts\/5755","targetHints":{"allow":["GET"]}}],"collection":[{"href":"https:\/\/www.lachmayer.eu\/de\/wp-json\/wp\/v2\/posts"}],"about":[{"href":"https:\/\/www.lachmayer.eu\/de\/wp-json\/wp\/v2\/types\/post"}],"author":[{"embeddable":true,"href":"https:\/\/www.lachmayer.eu\/de\/wp-json\/wp\/v2\/users\/3"}],"replies":[{"embeddable":true,"href":"https:\/\/www.lachmayer.eu\/de\/wp-json\/wp\/v2\/comments?post=5755"}],"version-history":[{"count":0,"href":"https:\/\/www.lachmayer.eu\/de\/wp-json\/wp\/v2\/posts\/5755\/revisions"}],"wp:featuredmedia":[{"embeddable":true,"href":"https:\/\/www.lachmayer.eu\/de\/wp-json\/wp\/v2\/media\/16977"}],"wp:attachment":[{"href":"https:\/\/www.lachmayer.eu\/de\/wp-json\/wp\/v2\/media?parent=5755"}],"wp:term":[{"taxonomy":"category","embeddable":true,"href":"https:\/\/www.lachmayer.eu\/de\/wp-json\/wp\/v2\/categories?post=5755"},{"taxonomy":"post_tag","embeddable":true,"href":"https:\/\/www.lachmayer.eu\/de\/wp-json\/wp\/v2\/tags?post=5755"}],"curies":[{"name":"wp","href":"https:\/\/api.w.org\/{rel}","templated":true}]}}