{"id":6045,"date":"2019-05-26T17:08:45","date_gmt":"2019-05-26T15:08:45","guid":{"rendered":"https:\/\/www.lachmayer.eu\/?p=6045"},"modified":"2021-09-27T09:05:46","modified_gmt":"2021-09-27T07:05:46","slug":"workshop-drohnen-und-recht","status":"publish","type":"post","link":"https:\/\/www.lachmayer.eu\/de\/workshop-drohnen-und-recht\/","title":{"rendered":"Workshop: Drohnen und Recht"},"content":{"rendered":"<p>Prof. Konrad Lachmayer und <a href=\"https:\/\/boku.ac.at\/wiso\/law\/personen\/iris-eisenberger\" target=\"_blank\" rel=\"noopener\">Prof. Iris Eisenberger (Universit\u00e4t f\u00fcr Bodenkultur)<\/a> organisieren einen Workshop zum Thema &#8222;Drohnen und Recht&#8220;. Im Workshop werden rechtliche Rahmenbedingungen und Einsatzm\u00f6glichkeiten von Drohnen beleuchtet.<\/p>\n<p><strong>Zeit:<\/strong> 7. Juni 2019, 9.30 &#8211; 16:00 Uhr<br \/>\n<strong>Ort:<\/strong> Universit\u00e4t f\u00fcr Bodenkultur, Guttenberghaus, Seminarraum 01 (EG), Feistmantelstra\u00dfe 4, 1180 Wien<\/p>\n<p><strong>Anmeldung bis 4. Juni 2019:<\/strong> la&#119;&#x40;&#x62;oku&#46;&#x61;&#x63;.at<br \/>\nTeilnahme kostenlos<\/p>\n<p><!--more--><\/p>\n<h4>Programm<\/h4>\n<p>9:30\u00a0 <em>Iris Eisenberger &amp; Konrad Lachmayer:<\/em> Begr\u00fc\u00dfung &amp; thematische Einf\u00fchrung<br \/>\n9:50\u00a0<em> Karsten Schulz:<\/em> Drohnen in den Umweltwissenschaften \u2013 Einsatzbereiche und Potentiale<\/p>\n<p>10:10\u00a0 Diskussion | Kaffeepause<\/p>\n<p>11:00\u00a0 <em>Verena Jackson:<\/em> V\u00f6lkerrechtlicher Rahmen f\u00fcr den zivilen Drohneneinsatz<\/p>\n<p>11:20\u00a0 Diskussion<\/p>\n<p>11:30\u00a0 Gregor Hei\u00dfl: Grundrechtliche Aspekte des zivilen Drohneneinsatzes<br \/>\n11:50\u00a0 Iris Eisenberger &amp; Konrad Lachmayer: Gesetzliche Rahmenbedingungen f\u00fcr den zivilen Drohneneinsatz<\/p>\n<p>12:10\u00a0 Diskussion | Mittagspause<\/p>\n<p>13:30\u00a0 <em>Phillip Piber:<\/em> Drohnen: Fragen der \u00f6sterreichischen Vollzugspraxis<\/p>\n<p>13:50\u00a0 Diskussion<\/p>\n<p>14:05\u00a0 <em>Arzu Sedef:<\/em> Drohnen: Durchsetzbarkeit von datenschutzrechtlichen Betroffenenrechten<\/p>\n<p>14:25\u00a0 Diskussion | Kaffeepause<\/p>\n<p>15:00\u00a0 <em>Karin Bruckm\u00fcller:<\/em> Strafrechtliche Fragen des zivilen Drohneneinsatzes<br \/>\n15:20\u00a0<em> Konrad Lachmayer:<\/em> Polizeiliche Strafverfolgung im Kontext des zivilen Drohneneinsatzes<\/p>\n<p>15:40\u00a0 Diskussion<br \/>\n16:00\u00a0 Ende des Workshops<\/p>\n<p>&nbsp;<\/p>\n<p><a href=\"https:\/\/www.lachmayer.eu\/wp-content\/uploads\/2019\/05\/Workshop-Drohnen-2019.pdf\" target=\"_blank\" rel=\"noopener\">Programm Workshop Drohnen 2019<\/a><\/p>\n","protected":false},"excerpt":{"rendered":"<p>Prof. Konrad Lachmayer und Prof. Iris Eisenberger (Universit\u00e4t f\u00fcr Bodenkultur) organisieren einen Workshop zum Thema &#8222;Drohnen und Recht&#8220;. Im Workshop werden rechtliche Rahmenbedingungen und Einsatzm\u00f6glichkeiten &hellip;<\/p>\n","protected":false},"author":3,"featured_media":16950,"comment_status":"closed","ping_status":"closed","sticky":false,"template":"","format":"standard","meta":{"footnotes":""},"categories":[95],"tags":[],"class_list":["post-6045","post","type-post","status-publish","format-standard","has-post-thumbnail","hentry","category-veranstaltung"],"_links":{"self":[{"href":"https:\/\/www.lachmayer.eu\/de\/wp-json\/wp\/v2\/posts\/6045","targetHints":{"allow":["GET"]}}],"collection":[{"href":"https:\/\/www.lachmayer.eu\/de\/wp-json\/wp\/v2\/posts"}],"about":[{"href":"https:\/\/www.lachmayer.eu\/de\/wp-json\/wp\/v2\/types\/post"}],"author":[{"embeddable":true,"href":"https:\/\/www.lachmayer.eu\/de\/wp-json\/wp\/v2\/users\/3"}],"replies":[{"embeddable":true,"href":"https:\/\/www.lachmayer.eu\/de\/wp-json\/wp\/v2\/comments?post=6045"}],"version-history":[{"count":0,"href":"https:\/\/www.lachmayer.eu\/de\/wp-json\/wp\/v2\/posts\/6045\/revisions"}],"wp:featuredmedia":[{"embeddable":true,"href":"https:\/\/www.lachmayer.eu\/de\/wp-json\/wp\/v2\/media\/16950"}],"wp:attachment":[{"href":"https:\/\/www.lachmayer.eu\/de\/wp-json\/wp\/v2\/media?parent=6045"}],"wp:term":[{"taxonomy":"category","embeddable":true,"href":"https:\/\/www.lachmayer.eu\/de\/wp-json\/wp\/v2\/categories?post=6045"},{"taxonomy":"post_tag","embeddable":true,"href":"https:\/\/www.lachmayer.eu\/de\/wp-json\/wp\/v2\/tags?post=6045"}],"curies":[{"name":"wp","href":"https:\/\/api.w.org\/{rel}","templated":true}]}}