{"id":6091,"date":"2019-06-07T16:40:29","date_gmt":"2019-06-07T14:40:29","guid":{"rendered":"https:\/\/www.lachmayer.eu\/?p=6091"},"modified":"2021-09-26T15:13:06","modified_gmt":"2021-09-26T13:13:06","slug":"just-published-datenschutz-im-rechtsvergleich-deutschland-oesterreich","status":"publish","type":"post","link":"https:\/\/www.lachmayer.eu\/de\/just-published-datenschutz-im-rechtsvergleich-deutschland-oesterreich\/","title":{"rendered":"Just published \u2013 Datenschutz im Rechtsvergleich: Deutschland &#8211; \u00d6sterreich"},"content":{"rendered":"<p>Prof. Dr. Konrad Lachmayer hat gemeinsam mit <a href=\"http:\/\/www.jura.uni-passau.de\/lewinski\" target=\"_blank\" rel=\"noopener\">Prof. Dr. Kai von Lewinski<\/a> (Universit\u00e4t Passau) den Tagungsband &#8222;Datenschutz im Rechtsvergleich: Deutschland &#8211; \u00d6sterreich&#8220; bei <a href=\"https:\/\/www.facultas.at\/list?back=87dc7553f7e262d1e4e17dc8738fc56e&amp;xid=34817192\" target=\"_blank\" rel=\"noopener\">Facultas<\/a> in Kooperation mit <a href=\"https:\/\/www.nomos-shop.de\/Lachmayer-von-Lewinski-Datenschutz-Rechtsvergleich\/productview.aspx?product=41993\" target=\"_blank\" rel=\"noopener\">Nomos<\/a> herausgegeben.<\/p>\n<p>Trotz der unionsrechtlichen Harmonisierung des Datenschutzrechts durch die DSGVO bleiben den Mitgliedsstaaten erhebliche Regelungsspielr\u00e4ume. Datenschutzrechtliche Expertinnen und Experten setzen sich in einem deutsch-\u00f6sterreichischen Rechtsvergleich mit den verfassungsrechtlichen Grundlagen ebenso wie mit l\u00e4nderspezifischen Besonderheiten des \u00f6ffentlichen und des nicht-\u00f6ffentlichen Bereichs &#8230;<\/p>\n<p><!--more--><\/p>\n<p><a href=\"https:\/\/www.facultas.at\/list?back=87dc7553f7e262d1e4e17dc8738fc56e&amp;xid=34817192\" target=\"_blank\" rel=\"noopener\">Konrad Lachmayer, Kai von Lewinski<\/a><br \/>\nDatenschutz im Rechtsvergleich: Deutschland &#8211; \u00d6sterreich<\/p>\n<p>ISBN: 978-3-7089-1859-4<br \/>\n<a href=\"https:\/\/www.facultas.at\/list?back=87dc7553f7e262d1e4e17dc8738fc56e&amp;xid=34817192\" target=\"_blank\" rel=\"noopener\">Facultas in Kooperation mit Nomos<\/a><br \/>\n258 Seiten, 2019<\/p>\n<p>Prof. Lachmayer hat sich in diesem Band mit den Zuordnungsfragen von Datenschutzbeauftragten, gemeinsam mit Lukas Feiler geht er auf den erfolglosen \u00f6sterreichischen Versuch ein, gesetzlich ein Konzept \u201eVerwarnen statt Strafen\u201c zu verankern und im Beitrag mit Daniel Enn\u00f6ckl besch\u00e4ftig er sich mit der \u00f6sterreichischen Datenschutzbeh\u00f6rde.<\/p>\n<p><strong>Beitr\u00e4ge<\/strong><\/p>\n<ul>\n<li><a href=\"https:\/\/www.lachmayer.eu\/wp-content\/uploads\/2019\/06\/Lachmayer_Der-\u00f6ffentliche-Bereich-\u2013-\u00d6sterreichische-Diskussionsfelder.pdf\" target=\"_blank\" rel=\"noopener\">Der \u00f6ffentliche Bereich \u2013 \u00d6sterreichische Diskussionsfelder<\/a>, in Lachmayer\/v. Lewinski (Hrsg), Datenschutz im Rechtsvergleich: Deutschland &#8211; \u00d6sterreich (2019) Facultas in Kooperation mit Nomos, 69-88<\/li>\n<li><a href=\"https:\/\/www.lachmayer.eu\/wp-content\/uploads\/2019\/06\/Feiler_Lachmayer_Datenschutz-im-nicht-\u00f6ffentlichen-Bereich-in-\u00d6sterreich.pdf\" target=\"_blank\" rel=\"noopener\">Datenschutz im nicht-\u00f6ffentlichen Bereich in \u00d6sterreich<\/a>, in Lachmayer\/v. Lewinski (Hrsg), Datenschutz im Rechtsvergleich: Deutschland &#8211; \u00d6sterreich (2019) Facultas in Kooperation mit Nomos, 121-134 (gemeinsam mit <em>Lukas Feiler<\/em>)<\/li>\n<li><a href=\"https:\/\/www.lachmayer.eu\/wp-content\/uploads\/2019\/06\/Enn\u00f6ckl_Lachmayer_Die-\u00f6sterreichische-Datenschutzbeh\u00f6rde.pdf\" target=\"_blank\" rel=\"noopener\">Die \u00f6sterreichische Datenschutzbeh\u00f6rde<\/a>, in Lachmayer\/v. Lewinski (Hrsg), Datenschutz im Rechtsvergleich: Deutschland &#8211; \u00d6sterreich (2019) Facultas in Kooperation mit Nomos, 147-162 (gemeinsam mit <em>Daniel Enn\u00f6ckl<\/em>)<\/li>\n<\/ul>\n<p><a href=\"https:\/\/www.lachmayer.eu\/de\/downloads\/\" target=\"_blank\" rel=\"noopener\">Weitere Beitr\u00e4ge von Prof. Lachmayer finden Sie hier.<\/a><\/p>\n<p>&nbsp;<\/p>\n","protected":false},"excerpt":{"rendered":"<p>Prof. Dr. Konrad Lachmayer hat gemeinsam mit Prof. Dr. Kai von Lewinski (Universit\u00e4t Passau) den Tagungsband &#8222;Datenschutz im Rechtsvergleich: Deutschland &#8211; \u00d6sterreich&#8220; bei Facultas in &hellip;<\/p>\n","protected":false},"author":3,"featured_media":16944,"comment_status":"closed","ping_status":"closed","sticky":false,"template":"","format":"standard","meta":{"footnotes":""},"categories":[74],"tags":[],"class_list":["post-6091","post","type-post","status-publish","format-standard","has-post-thumbnail","hentry","category-just-published"],"_links":{"self":[{"href":"https:\/\/www.lachmayer.eu\/de\/wp-json\/wp\/v2\/posts\/6091","targetHints":{"allow":["GET"]}}],"collection":[{"href":"https:\/\/www.lachmayer.eu\/de\/wp-json\/wp\/v2\/posts"}],"about":[{"href":"https:\/\/www.lachmayer.eu\/de\/wp-json\/wp\/v2\/types\/post"}],"author":[{"embeddable":true,"href":"https:\/\/www.lachmayer.eu\/de\/wp-json\/wp\/v2\/users\/3"}],"replies":[{"embeddable":true,"href":"https:\/\/www.lachmayer.eu\/de\/wp-json\/wp\/v2\/comments?post=6091"}],"version-history":[{"count":0,"href":"https:\/\/www.lachmayer.eu\/de\/wp-json\/wp\/v2\/posts\/6091\/revisions"}],"wp:featuredmedia":[{"embeddable":true,"href":"https:\/\/www.lachmayer.eu\/de\/wp-json\/wp\/v2\/media\/16944"}],"wp:attachment":[{"href":"https:\/\/www.lachmayer.eu\/de\/wp-json\/wp\/v2\/media?parent=6091"}],"wp:term":[{"taxonomy":"category","embeddable":true,"href":"https:\/\/www.lachmayer.eu\/de\/wp-json\/wp\/v2\/categories?post=6091"},{"taxonomy":"post_tag","embeddable":true,"href":"https:\/\/www.lachmayer.eu\/de\/wp-json\/wp\/v2\/tags?post=6091"}],"curies":[{"name":"wp","href":"https:\/\/api.w.org\/{rel}","templated":true}]}}