{"id":6335,"date":"2020-01-08T10:04:31","date_gmt":"2020-01-08T09:04:31","guid":{"rendered":"https:\/\/www.lachmayer.eu\/?p=6335"},"modified":"2021-09-24T14:24:18","modified_gmt":"2021-09-24T12:24:18","slug":"vortrag-medien-und-die-bedrohung-der-demokratie-im-21-jahrhundert","status":"publish","type":"post","link":"https:\/\/www.lachmayer.eu\/de\/vortrag-medien-und-die-bedrohung-der-demokratie-im-21-jahrhundert\/","title":{"rendered":"Vortrag: Medien und die Bedrohung der Demokratie im 21. Jahrhundert"},"content":{"rendered":"<p>Konrad Lachmayer referierte im\u00a0<a href=\"https:\/\/www.hans-bredow-institut.de\/de\/veranstaltung-event\/medien-und-die-bedrohung-der-demokratie-im-21-jahrhundert\" target=\"_blank\" rel=\"noopener\">Leibniz Media Lunch Talk \u00fcber &#8222;Medien und die Bedrohung der Demokratie im 21. Jahrhundert&#8220;<\/a>.<\/p>\n<p>Zeit: 15. J\u00e4nner 2020<br \/>\nOrt: Leibniz-Institut f\u00fcr Medienforschung | Hans-Bredow-Institut, Hamburg<\/p>\n<p>In unerwarteter Geschwindigkeit verbreiteten sich in den letzten 10 Jahren anti-demokratische Gedanken um den Globus. Unter dem Schlagwort &#8222;Populismus&#8220; werden die neo-autorit\u00e4ren Tendenzen derzeit intensiv diskutiert. &#8230;<\/p>\n","protected":false},"excerpt":{"rendered":"<p>Konrad Lachmayer referierte im\u00a0Leibniz Media Lunch Talk \u00fcber &#8222;Medien und die Bedrohung der Demokratie im 21. Jahrhundert&#8220;. Zeit: 15. J\u00e4nner 2020 Ort: Leibniz-Institut f\u00fcr Medienforschung &hellip;<\/p>\n","protected":false},"author":3,"featured_media":16157,"comment_status":"closed","ping_status":"closed","sticky":false,"template":"","format":"standard","meta":{"footnotes":""},"categories":[80],"tags":[],"class_list":["post-6335","post","type-post","status-publish","format-standard","has-post-thumbnail","hentry","category-vortrag"],"_links":{"self":[{"href":"https:\/\/www.lachmayer.eu\/de\/wp-json\/wp\/v2\/posts\/6335","targetHints":{"allow":["GET"]}}],"collection":[{"href":"https:\/\/www.lachmayer.eu\/de\/wp-json\/wp\/v2\/posts"}],"about":[{"href":"https:\/\/www.lachmayer.eu\/de\/wp-json\/wp\/v2\/types\/post"}],"author":[{"embeddable":true,"href":"https:\/\/www.lachmayer.eu\/de\/wp-json\/wp\/v2\/users\/3"}],"replies":[{"embeddable":true,"href":"https:\/\/www.lachmayer.eu\/de\/wp-json\/wp\/v2\/comments?post=6335"}],"version-history":[{"count":0,"href":"https:\/\/www.lachmayer.eu\/de\/wp-json\/wp\/v2\/posts\/6335\/revisions"}],"wp:featuredmedia":[{"embeddable":true,"href":"https:\/\/www.lachmayer.eu\/de\/wp-json\/wp\/v2\/media\/16157"}],"wp:attachment":[{"href":"https:\/\/www.lachmayer.eu\/de\/wp-json\/wp\/v2\/media?parent=6335"}],"wp:term":[{"taxonomy":"category","embeddable":true,"href":"https:\/\/www.lachmayer.eu\/de\/wp-json\/wp\/v2\/categories?post=6335"},{"taxonomy":"post_tag","embeddable":true,"href":"https:\/\/www.lachmayer.eu\/de\/wp-json\/wp\/v2\/tags?post=6335"}],"curies":[{"name":"wp","href":"https:\/\/api.w.org\/{rel}","templated":true}]}}