{"id":6417,"date":"2020-04-05T20:11:10","date_gmt":"2020-04-05T18:11:10","guid":{"rendered":"https:\/\/www.lachmayer.eu\/?p=6417"},"modified":"2023-02-24T13:45:54","modified_gmt":"2023-02-24T12:45:54","slug":"just-published-die-sozialversicherungspruefung-als-eigener-wirkungsbereich-der-oegk","status":"publish","type":"post","link":"https:\/\/www.lachmayer.eu\/de\/just-published-die-sozialversicherungspruefung-als-eigener-wirkungsbereich-der-oegk\/","title":{"rendered":"Just published \u2013 Die Sozialversicherungspr\u00fcfung als eigener Wirkungsbereich der \u00d6GK"},"content":{"rendered":"<p>Konrad Lachmayer ver\u00f6ffentlichte in der <a href=\"https:\/\/www.manz.at\/list.html?isbn=0044-2321-1\" target=\"_blank\" rel=\"noopener\">Zeitschrift f\u00fcr Arbeits- und Sozialrecht (ZAS)<\/a> des Manz-Verlages einen Artikel \u00fcber <a href=\"https:\/\/rdb.manz.at\/document\/rdb.tso.LIzas20200204\" target=\"_blank\" rel=\"noopener\">&#8222;Die Sozialversicherungspr\u00fcfung als eigener Wirkungsbereich der \u00d6GK&#8220;<\/a>.<br \/>\nDer VfGH hob die \u00dcbertragung der Sozialversicherungspr\u00fcfung auf die Bundesverwaltung auf und legte die verfassungsrechtlichen Grenzen f\u00fcr die \u00dcbertragung von Aufgaben des eigenen Wirkungsbereichs der Sozialversicherungstr\u00e4ger in die staatliche Bundesverwaltung fest. &#8230;<!--more--><\/p>\n<p>Der Beitrag analysiert die verfassungsrechtlichen Hintergr\u00fcnde und zeigt Perspektiven f\u00fcr die Weiterentwicklung der Beitragspr\u00fcfung auf.<\/p>\n<p><a href=\"https:\/\/www.lachmayer.eu\/wp-content\/uploads\/2020\/04\/Inhaltsverzeichnis-ZAS-2020_2.pdf\" target=\"_blank\" rel=\"noopener\">Inhaltsverzeichnis ZAS 2020_2<\/a><\/p>\n","protected":false},"excerpt":{"rendered":"<p>Konrad Lachmayer ver\u00f6ffentlichte in der Zeitschrift f\u00fcr Arbeits- und Sozialrecht (ZAS) des Manz-Verlages einen Artikel \u00fcber &#8222;Die Sozialversicherungspr\u00fcfung als eigener Wirkungsbereich der \u00d6GK&#8220;. Der VfGH &hellip;<\/p>\n","protected":false},"author":3,"featured_media":18237,"comment_status":"closed","ping_status":"closed","sticky":false,"template":"","format":"standard","meta":{"footnotes":""},"categories":[74],"tags":[],"class_list":["post-6417","post","type-post","status-publish","format-standard","has-post-thumbnail","hentry","category-just-published"],"_links":{"self":[{"href":"https:\/\/www.lachmayer.eu\/de\/wp-json\/wp\/v2\/posts\/6417","targetHints":{"allow":["GET"]}}],"collection":[{"href":"https:\/\/www.lachmayer.eu\/de\/wp-json\/wp\/v2\/posts"}],"about":[{"href":"https:\/\/www.lachmayer.eu\/de\/wp-json\/wp\/v2\/types\/post"}],"author":[{"embeddable":true,"href":"https:\/\/www.lachmayer.eu\/de\/wp-json\/wp\/v2\/users\/3"}],"replies":[{"embeddable":true,"href":"https:\/\/www.lachmayer.eu\/de\/wp-json\/wp\/v2\/comments?post=6417"}],"version-history":[{"count":1,"href":"https:\/\/www.lachmayer.eu\/de\/wp-json\/wp\/v2\/posts\/6417\/revisions"}],"predecessor-version":[{"id":18236,"href":"https:\/\/www.lachmayer.eu\/de\/wp-json\/wp\/v2\/posts\/6417\/revisions\/18236"}],"wp:featuredmedia":[{"embeddable":true,"href":"https:\/\/www.lachmayer.eu\/de\/wp-json\/wp\/v2\/media\/18237"}],"wp:attachment":[{"href":"https:\/\/www.lachmayer.eu\/de\/wp-json\/wp\/v2\/media?parent=6417"}],"wp:term":[{"taxonomy":"category","embeddable":true,"href":"https:\/\/www.lachmayer.eu\/de\/wp-json\/wp\/v2\/categories?post=6417"},{"taxonomy":"post_tag","embeddable":true,"href":"https:\/\/www.lachmayer.eu\/de\/wp-json\/wp\/v2\/tags?post=6417"}],"curies":[{"name":"wp","href":"https:\/\/api.w.org\/{rel}","templated":true}]}}