{"id":6571,"date":"2020-09-25T18:53:18","date_gmt":"2020-09-25T16:53:18","guid":{"rendered":"https:\/\/www.lachmayer.eu\/?p=6571"},"modified":"2021-09-09T09:45:51","modified_gmt":"2021-09-09T07:45:51","slug":"expertenhearing-im-parlament-zum-covid-19-massnahmengesetz","status":"publish","type":"post","link":"https:\/\/www.lachmayer.eu\/de\/expertenhearing-im-parlament-zum-covid-19-massnahmengesetz\/","title":{"rendered":"Expertenhearing im Parlament zum COVID-19-Ma\u00dfnahmengesetz"},"content":{"rendered":"<p>Konrad Lachmayer nahm als Rechtsexperte am 21. September 2020 am \u00f6ffentlichen Hearing im Gesundheitsausschuss des Nationalrats zum COVID-19-Ma\u00dfnahmengesetz teil.<\/p>\n<p>Pressemeldungen finden Sie <a href=\"https:\/\/www.lachmayer.eu\/de\/medien\/\">hier:<\/a><\/p>\n<p><a href=\"https:\/\/tv-thek.orf.at\/profile\/Gesundheitsausschuss-des-Nationalrates-zu-Coronagesetzen\/13892065\/Gesundheitsausschuss-des-Nationalrates-zu-Coronagesetzen\/14065581\/Statement-von-Konrad-Lachmayer-Vizedekan-der-Sigmund-Freud-Universitaet-Wien\/14764956\" target=\"_blank\" rel=\"noopener\">Statement von Prof. Lachmayer abrufbar in der ORF TvThek bis 27.9.2020<\/a><\/p>\n","protected":false},"excerpt":{"rendered":"<p>Konrad Lachmayer nahm als Rechtsexperte am 21. September 2020 am \u00f6ffentlichen Hearing im Gesundheitsausschuss des Nationalrats zum COVID-19-Ma\u00dfnahmengesetz teil. Pressemeldungen finden Sie hier: Statement von &hellip;<\/p>\n","protected":false},"author":3,"featured_media":16123,"comment_status":"closed","ping_status":"closed","sticky":false,"template":"","format":"standard","meta":{"footnotes":""},"categories":[3],"tags":[],"class_list":["post-6571","post","type-post","status-publish","format-standard","has-post-thumbnail","hentry","category-allgemein-de"],"_links":{"self":[{"href":"https:\/\/www.lachmayer.eu\/de\/wp-json\/wp\/v2\/posts\/6571","targetHints":{"allow":["GET"]}}],"collection":[{"href":"https:\/\/www.lachmayer.eu\/de\/wp-json\/wp\/v2\/posts"}],"about":[{"href":"https:\/\/www.lachmayer.eu\/de\/wp-json\/wp\/v2\/types\/post"}],"author":[{"embeddable":true,"href":"https:\/\/www.lachmayer.eu\/de\/wp-json\/wp\/v2\/users\/3"}],"replies":[{"embeddable":true,"href":"https:\/\/www.lachmayer.eu\/de\/wp-json\/wp\/v2\/comments?post=6571"}],"version-history":[{"count":0,"href":"https:\/\/www.lachmayer.eu\/de\/wp-json\/wp\/v2\/posts\/6571\/revisions"}],"wp:featuredmedia":[{"embeddable":true,"href":"https:\/\/www.lachmayer.eu\/de\/wp-json\/wp\/v2\/media\/16123"}],"wp:attachment":[{"href":"https:\/\/www.lachmayer.eu\/de\/wp-json\/wp\/v2\/media?parent=6571"}],"wp:term":[{"taxonomy":"category","embeddable":true,"href":"https:\/\/www.lachmayer.eu\/de\/wp-json\/wp\/v2\/categories?post=6571"},{"taxonomy":"post_tag","embeddable":true,"href":"https:\/\/www.lachmayer.eu\/de\/wp-json\/wp\/v2\/tags?post=6571"}],"curies":[{"name":"wp","href":"https:\/\/api.w.org\/{rel}","templated":true}]}}