{"id":6574,"date":"2020-09-25T18:58:50","date_gmt":"2020-09-25T16:58:50","guid":{"rendered":"https:\/\/www.lachmayer.eu\/?p=6574"},"modified":"2021-09-27T09:04:39","modified_gmt":"2021-09-27T07:04:39","slug":"pressekonferenz-grundrechtswissen-in-oesterreich","status":"publish","type":"post","link":"https:\/\/www.lachmayer.eu\/de\/pressekonferenz-grundrechtswissen-in-oesterreich\/","title":{"rendered":"Pressekonferenz: Grundrechtswissen in \u00d6sterreich"},"content":{"rendered":"<p>Am 23. September 2020 fand eine Pressekonferenz zu einer von Prof. Lachmayer und\u00a0\u00a0des <a href=\"https:\/\/www.researchinstitute.at\/de\/robert-rothmann.html\" target=\"_blank\" rel=\"noopener\">Rechtssoziologen Robert Rothmann, Bakk. MA.<\/a> initiierten Studie zum Thema &#8222;Grundrechtswissen in \u00d6sterreich&#8220; anl\u00e4sslich der Feiern zum 100-j\u00e4hrigen Jubil\u00e4um des \u00f6sterreichischen Bundes-Verfassungsgesetzes 1920 statt.<\/p>\n<p><strong>Zeit:<\/strong> 23. September 2020, 9:30 Uhr<br \/>\n<strong>Ort:<\/strong>\u00a0Sigmund Freud Privatuniversit\u00e4t, Freudplatz 3, 1020 Wien<\/p>\n<p><a href=\"https:\/\/www.sfu.ac.at\/de\/event\/jus-pressekonferenz-grundrechtswissen-in-oesterreich\/\" target=\"_blank\" rel=\"noopener\">Einladung zur Pressekonferenz<\/a><\/p>\n<p><!--more--><\/p>\n<p>Die gesamte Pressekonferenz ist unter folgendem Link abrufbar: <a href=\"https:\/\/www.youtube.com\/watch?time_continue=7&amp;v=BlUa58cBzWk&amp;feature=emb_logo\" target=\"_blank\" rel=\"noopener\">Youtube<\/a><\/p>\n<p>Pressemitteilungen finden Sie <a href=\"https:\/\/www.lachmayer.eu\/de\/medien\/\">hier<\/a>:<\/p>\n","protected":false},"excerpt":{"rendered":"<p>Am 23. September 2020 fand eine Pressekonferenz zu einer von Prof. Lachmayer und\u00a0\u00a0des Rechtssoziologen Robert Rothmann, Bakk. MA. initiierten Studie zum Thema &#8222;Grundrechtswissen in \u00d6sterreich&#8220; &hellip;<\/p>\n","protected":false},"author":3,"featured_media":16125,"comment_status":"closed","ping_status":"closed","sticky":false,"template":"","format":"standard","meta":{"footnotes":""},"categories":[76],"tags":[],"class_list":["post-6574","post","type-post","status-publish","format-standard","has-post-thumbnail","hentry","category-medien"],"_links":{"self":[{"href":"https:\/\/www.lachmayer.eu\/de\/wp-json\/wp\/v2\/posts\/6574","targetHints":{"allow":["GET"]}}],"collection":[{"href":"https:\/\/www.lachmayer.eu\/de\/wp-json\/wp\/v2\/posts"}],"about":[{"href":"https:\/\/www.lachmayer.eu\/de\/wp-json\/wp\/v2\/types\/post"}],"author":[{"embeddable":true,"href":"https:\/\/www.lachmayer.eu\/de\/wp-json\/wp\/v2\/users\/3"}],"replies":[{"embeddable":true,"href":"https:\/\/www.lachmayer.eu\/de\/wp-json\/wp\/v2\/comments?post=6574"}],"version-history":[{"count":0,"href":"https:\/\/www.lachmayer.eu\/de\/wp-json\/wp\/v2\/posts\/6574\/revisions"}],"wp:featuredmedia":[{"embeddable":true,"href":"https:\/\/www.lachmayer.eu\/de\/wp-json\/wp\/v2\/media\/16125"}],"wp:attachment":[{"href":"https:\/\/www.lachmayer.eu\/de\/wp-json\/wp\/v2\/media?parent=6574"}],"wp:term":[{"taxonomy":"category","embeddable":true,"href":"https:\/\/www.lachmayer.eu\/de\/wp-json\/wp\/v2\/categories?post=6574"},{"taxonomy":"post_tag","embeddable":true,"href":"https:\/\/www.lachmayer.eu\/de\/wp-json\/wp\/v2\/tags?post=6574"}],"curies":[{"name":"wp","href":"https:\/\/api.w.org\/{rel}","templated":true}]}}