{"id":6641,"date":"2020-09-30T11:42:34","date_gmt":"2020-09-30T09:42:34","guid":{"rendered":"https:\/\/www.lachmayer.eu\/?p=6641"},"modified":"2021-09-09T09:12:04","modified_gmt":"2021-09-09T07:12:04","slug":"orf-bericht-ueber-grundrechtswissen-in-oesterreich","status":"publish","type":"post","link":"https:\/\/www.lachmayer.eu\/de\/orf-bericht-ueber-grundrechtswissen-in-oesterreich\/","title":{"rendered":"ORF Bericht \u00fcber &#8222;Grundrechtswissen in \u00d6sterreich&#8220;"},"content":{"rendered":"<p>Mit dem Titel &#8222;Wenig Wissen \u00fcber Grundrechte&#8220; berichtete der ORF in seiner Sendung\u00a0AKTUELL nach eins am 29. September 2020 \u00fcber das Grundrechtswissen der \u00d6sterreicherinnen und \u00d6sterreicher und der darauf basierenden Studie von Konrad Lachmayer und <a href=\"https:\/\/www.researchinstitute.at\/de\/robert-rothmann.html\" target=\"_blank\" rel=\"noopener\">Robert Rothmann<\/a>.<\/p>\n<p><a href=\"https:\/\/tvthek.orf.at\/profile\/AKTUELL-nach-eins\/13887636\/AKTUELL-nach-eins\/14066317\/Wenig-Wissen-ueber-Grundrechte\/14769406\" target=\"_blank\" rel=\"noopener\">Beitrag abrufbar in der ORF TvThek bis 5.10.2020<\/a><\/p>\n","protected":false},"excerpt":{"rendered":"<p>Mit dem Titel &#8222;Wenig Wissen \u00fcber Grundrechte&#8220; berichtete der ORF in seiner Sendung\u00a0AKTUELL nach eins am 29. September 2020 \u00fcber das Grundrechtswissen der \u00d6sterreicherinnen und &hellip;<\/p>\n","protected":false},"author":3,"featured_media":16117,"comment_status":"closed","ping_status":"closed","sticky":false,"template":"","format":"standard","meta":{"footnotes":""},"categories":[76],"tags":[],"class_list":["post-6641","post","type-post","status-publish","format-standard","has-post-thumbnail","hentry","category-medien"],"_links":{"self":[{"href":"https:\/\/www.lachmayer.eu\/de\/wp-json\/wp\/v2\/posts\/6641","targetHints":{"allow":["GET"]}}],"collection":[{"href":"https:\/\/www.lachmayer.eu\/de\/wp-json\/wp\/v2\/posts"}],"about":[{"href":"https:\/\/www.lachmayer.eu\/de\/wp-json\/wp\/v2\/types\/post"}],"author":[{"embeddable":true,"href":"https:\/\/www.lachmayer.eu\/de\/wp-json\/wp\/v2\/users\/3"}],"replies":[{"embeddable":true,"href":"https:\/\/www.lachmayer.eu\/de\/wp-json\/wp\/v2\/comments?post=6641"}],"version-history":[{"count":0,"href":"https:\/\/www.lachmayer.eu\/de\/wp-json\/wp\/v2\/posts\/6641\/revisions"}],"wp:featuredmedia":[{"embeddable":true,"href":"https:\/\/www.lachmayer.eu\/de\/wp-json\/wp\/v2\/media\/16117"}],"wp:attachment":[{"href":"https:\/\/www.lachmayer.eu\/de\/wp-json\/wp\/v2\/media?parent=6641"}],"wp:term":[{"taxonomy":"category","embeddable":true,"href":"https:\/\/www.lachmayer.eu\/de\/wp-json\/wp\/v2\/categories?post=6641"},{"taxonomy":"post_tag","embeddable":true,"href":"https:\/\/www.lachmayer.eu\/de\/wp-json\/wp\/v2\/tags?post=6641"}],"curies":[{"name":"wp","href":"https:\/\/api.w.org\/{rel}","templated":true}]}}