{"id":6648,"date":"2020-10-01T19:42:40","date_gmt":"2020-10-01T17:42:40","guid":{"rendered":"https:\/\/www.lachmayer.eu\/?p=6648"},"modified":"2023-02-24T09:43:25","modified_gmt":"2023-02-24T08:43:25","slug":"just-published-herausforderungen-der-verfassungsstaatlichkeit-im-21-jahrhundert","status":"publish","type":"post","link":"https:\/\/www.lachmayer.eu\/de\/just-published-herausforderungen-der-verfassungsstaatlichkeit-im-21-jahrhundert\/","title":{"rendered":"Just published \u2013 &#8222;Herausforderungen der Verfassungsstaatlichkeit im 21. Jahrhundert&#8220;"},"content":{"rendered":"<p>Konrad Lachmayer schrieb gemeinsam mit <a href=\"https:\/\/www.wu.ac.at\/ioer\/institut\/eberhard\/eberhard\/\" target=\"_blank\" rel=\"noopener\">Harald Eberhard<\/a> einen Schwerpunktartikel \u00fcber <a href=\"https:\/\/elibrary.verlagoesterreich.at\/article\/10.33196\/zoer20200305110\" target=\"_blank\" rel=\"noopener\">&#8222;Herausforderungen der Verfassungsstaatlichkeit\u00a0im 21. Jahrhundert&#8220;<\/a>, der in der <a href=\"https:\/\/elibrary.verlagoesterreich.at\/journal\/zoer\/75\/3\" target=\"_blank\" rel=\"noopener\">Zeitschrift f\u00fcr \u00f6ffentliches Recht (Z\u00d6R) beim Verlag \u00d6sterreich<\/a> erschienen ist.<\/p>\n<p>Das B-VG und seine mit ihm neu eingerichteten Institutionen feiern Geburtstag.\u00a0Geburtstage sind in der Regel Anlass zu feierlichen Aktivit\u00e4ten. Dabei darf aber der\u00a0kritische Blick zur\u00fcck und nach vorne nicht fehlen. &#8230;<\/p>\n<p>&nbsp;<\/p>\n","protected":false},"excerpt":{"rendered":"<p>Konrad Lachmayer schrieb gemeinsam mit Harald Eberhard einen Schwerpunktartikel \u00fcber &#8222;Herausforderungen der Verfassungsstaatlichkeit\u00a0im 21. Jahrhundert&#8220;, der in der Zeitschrift f\u00fcr \u00f6ffentliches Recht (Z\u00d6R) beim Verlag &hellip;<\/p>\n","protected":false},"author":3,"featured_media":18165,"comment_status":"closed","ping_status":"closed","sticky":false,"template":"","format":"standard","meta":{"footnotes":""},"categories":[74],"tags":[],"class_list":["post-6648","post","type-post","status-publish","format-standard","has-post-thumbnail","hentry","category-just-published"],"_links":{"self":[{"href":"https:\/\/www.lachmayer.eu\/de\/wp-json\/wp\/v2\/posts\/6648","targetHints":{"allow":["GET"]}}],"collection":[{"href":"https:\/\/www.lachmayer.eu\/de\/wp-json\/wp\/v2\/posts"}],"about":[{"href":"https:\/\/www.lachmayer.eu\/de\/wp-json\/wp\/v2\/types\/post"}],"author":[{"embeddable":true,"href":"https:\/\/www.lachmayer.eu\/de\/wp-json\/wp\/v2\/users\/3"}],"replies":[{"embeddable":true,"href":"https:\/\/www.lachmayer.eu\/de\/wp-json\/wp\/v2\/comments?post=6648"}],"version-history":[{"count":1,"href":"https:\/\/www.lachmayer.eu\/de\/wp-json\/wp\/v2\/posts\/6648\/revisions"}],"predecessor-version":[{"id":18167,"href":"https:\/\/www.lachmayer.eu\/de\/wp-json\/wp\/v2\/posts\/6648\/revisions\/18167"}],"wp:featuredmedia":[{"embeddable":true,"href":"https:\/\/www.lachmayer.eu\/de\/wp-json\/wp\/v2\/media\/18165"}],"wp:attachment":[{"href":"https:\/\/www.lachmayer.eu\/de\/wp-json\/wp\/v2\/media?parent=6648"}],"wp:term":[{"taxonomy":"category","embeddable":true,"href":"https:\/\/www.lachmayer.eu\/de\/wp-json\/wp\/v2\/categories?post=6648"},{"taxonomy":"post_tag","embeddable":true,"href":"https:\/\/www.lachmayer.eu\/de\/wp-json\/wp\/v2\/tags?post=6648"}],"curies":[{"name":"wp","href":"https:\/\/api.w.org\/{rel}","templated":true}]}}