{"id":6668,"date":"2020-10-07T15:51:16","date_gmt":"2020-10-07T13:51:16","guid":{"rendered":"https:\/\/www.lachmayer.eu\/?p=6668"},"modified":"2021-09-08T19:34:30","modified_gmt":"2021-09-08T17:34:30","slug":"oe1-bericht-ueber-elegante-verfassung-unbekannte-grundrechte","status":"publish","type":"post","link":"https:\/\/www.lachmayer.eu\/de\/oe1-bericht-ueber-elegante-verfassung-unbekannte-grundrechte\/","title":{"rendered":"\u00d61 Bericht \u00fcber &#8222;Elegante Verfassung, unbekannte Grundrechte&#8220;"},"content":{"rendered":"<p>Im <a href=\"https:\/\/www.lachmayer.eu\/wp-content\/uploads\/2020\/10\/\u00d61-Bericht-Grundrechte-und-Verfassung-5.10.2020.pdf\">\u00d61 Radiomagazin Journal-Panorama<\/a>\u00a0wurde am 5. Oktober 2020 \u00fcber die <a href=\"https:\/\/oe1.orf.at\/player\/20201005\/614647\" target=\"_blank\" rel=\"noopener\">&#8222;Elegante Verfassung, unbekannte Grundrechte&#8220;<\/a> berichtet. Prof. Lachmayer sprach \u00fcber die \u00f6sterreichische Bunderfassungsrecht und seine Studie zum Thema &#8222;Grundrechte&#8220; und das Wissen der \u00d6sterreicher*innen dar\u00fcber.<\/p>\n<p><a href=\"https:\/\/oe1.orf.at\/player\/20201005\/614647\" target=\"_blank\" rel=\"noopener\">\u00d61 Journal-Panorama vom 5. 10. 2020.<\/a><\/p>\n","protected":false},"excerpt":{"rendered":"<p>Im \u00d61 Radiomagazin Journal-Panorama\u00a0wurde am 5. Oktober 2020 \u00fcber die &#8222;Elegante Verfassung, unbekannte Grundrechte&#8220; berichtet. Prof. Lachmayer sprach \u00fcber die \u00f6sterreichische Bunderfassungsrecht und seine Studie &hellip;<\/p>\n","protected":false},"author":3,"featured_media":16115,"comment_status":"closed","ping_status":"closed","sticky":false,"template":"","format":"standard","meta":{"footnotes":""},"categories":[76],"tags":[],"class_list":["post-6668","post","type-post","status-publish","format-standard","has-post-thumbnail","hentry","category-medien"],"_links":{"self":[{"href":"https:\/\/www.lachmayer.eu\/de\/wp-json\/wp\/v2\/posts\/6668","targetHints":{"allow":["GET"]}}],"collection":[{"href":"https:\/\/www.lachmayer.eu\/de\/wp-json\/wp\/v2\/posts"}],"about":[{"href":"https:\/\/www.lachmayer.eu\/de\/wp-json\/wp\/v2\/types\/post"}],"author":[{"embeddable":true,"href":"https:\/\/www.lachmayer.eu\/de\/wp-json\/wp\/v2\/users\/3"}],"replies":[{"embeddable":true,"href":"https:\/\/www.lachmayer.eu\/de\/wp-json\/wp\/v2\/comments?post=6668"}],"version-history":[{"count":0,"href":"https:\/\/www.lachmayer.eu\/de\/wp-json\/wp\/v2\/posts\/6668\/revisions"}],"wp:featuredmedia":[{"embeddable":true,"href":"https:\/\/www.lachmayer.eu\/de\/wp-json\/wp\/v2\/media\/16115"}],"wp:attachment":[{"href":"https:\/\/www.lachmayer.eu\/de\/wp-json\/wp\/v2\/media?parent=6668"}],"wp:term":[{"taxonomy":"category","embeddable":true,"href":"https:\/\/www.lachmayer.eu\/de\/wp-json\/wp\/v2\/categories?post=6668"},{"taxonomy":"post_tag","embeddable":true,"href":"https:\/\/www.lachmayer.eu\/de\/wp-json\/wp\/v2\/tags?post=6668"}],"curies":[{"name":"wp","href":"https:\/\/api.w.org\/{rel}","templated":true}]}}