{"id":6690,"date":"2020-10-24T20:13:43","date_gmt":"2020-10-24T18:13:43","guid":{"rendered":"https:\/\/www.lachmayer.eu\/?p=6690"},"modified":"2021-09-10T10:08:23","modified_gmt":"2021-09-10T08:08:23","slug":"gastkommentar-der-rechtsstaat-im-corona-chaos","status":"publish","type":"post","link":"https:\/\/www.lachmayer.eu\/de\/gastkommentar-der-rechtsstaat-im-corona-chaos\/","title":{"rendered":"Gastkommentar: Der Rechtsstaat im Corona-Chaos"},"content":{"rendered":"<p>Die Zeitung <a href=\"https:\/\/www.derstandard.at\/\" target=\"_blank\" rel=\"noopener\">Der Standard<\/a> ver\u00f6ffentlichte am 24.10.2020 einen Gastkommentar von Konrad Lachmayer \u00fcber <a href=\"https:\/\/www.derstandard.at\/story\/2000121172467\/der-rechtsstaat-im-corona-chaos\" target=\"_blank\" rel=\"noopener\">&#8222;Der Rechtsstaat im Corona-Chaos&#8220;<\/a>.<\/p>\n<p>Ob Bezirk, Land oder Bund: Die Zahl der Verordnungen w\u00e4chst t\u00e4glich. Die Verwirrung, f\u00fcr die sie sorgen, ebenso. Doch nur wer die Regeln versteht, kann sie auch einhalten.<\/p>\n<p>Gastkommentar hier <a href=\"https:\/\/www.lachmayer.eu\/de\/medien\/\" target=\"_blank\" rel=\"noopener\">abrufbar<\/a>.<\/p>\n","protected":false},"excerpt":{"rendered":"<p>Die Zeitung Der Standard ver\u00f6ffentlichte am 24.10.2020 einen Gastkommentar von Konrad Lachmayer \u00fcber &#8222;Der Rechtsstaat im Corona-Chaos&#8220;. Ob Bezirk, Land oder Bund: Die Zahl der &hellip;<\/p>\n","protected":false},"author":3,"featured_media":16173,"comment_status":"closed","ping_status":"closed","sticky":false,"template":"","format":"standard","meta":{"footnotes":""},"categories":[76],"tags":[],"class_list":["post-6690","post","type-post","status-publish","format-standard","has-post-thumbnail","hentry","category-medien"],"_links":{"self":[{"href":"https:\/\/www.lachmayer.eu\/de\/wp-json\/wp\/v2\/posts\/6690","targetHints":{"allow":["GET"]}}],"collection":[{"href":"https:\/\/www.lachmayer.eu\/de\/wp-json\/wp\/v2\/posts"}],"about":[{"href":"https:\/\/www.lachmayer.eu\/de\/wp-json\/wp\/v2\/types\/post"}],"author":[{"embeddable":true,"href":"https:\/\/www.lachmayer.eu\/de\/wp-json\/wp\/v2\/users\/3"}],"replies":[{"embeddable":true,"href":"https:\/\/www.lachmayer.eu\/de\/wp-json\/wp\/v2\/comments?post=6690"}],"version-history":[{"count":0,"href":"https:\/\/www.lachmayer.eu\/de\/wp-json\/wp\/v2\/posts\/6690\/revisions"}],"wp:featuredmedia":[{"embeddable":true,"href":"https:\/\/www.lachmayer.eu\/de\/wp-json\/wp\/v2\/media\/16173"}],"wp:attachment":[{"href":"https:\/\/www.lachmayer.eu\/de\/wp-json\/wp\/v2\/media?parent=6690"}],"wp:term":[{"taxonomy":"category","embeddable":true,"href":"https:\/\/www.lachmayer.eu\/de\/wp-json\/wp\/v2\/categories?post=6690"},{"taxonomy":"post_tag","embeddable":true,"href":"https:\/\/www.lachmayer.eu\/de\/wp-json\/wp\/v2\/tags?post=6690"}],"curies":[{"name":"wp","href":"https:\/\/api.w.org\/{rel}","templated":true}]}}